{"id":769,"date":"2006-03-31T13:12:37","date_gmt":"2006-03-31T13:12:37","guid":{"rendered":"http:\/\/junjan.org\/wordpress\/?p=769"},"modified":"2006-03-31T13:12:37","modified_gmt":"2006-03-31T13:12:37","slug":"vivienda_digna","status":"publish","type":"post","link":"https:\/\/junjan.org\/wordpress\/2006\/03\/vivienda_digna\/","title":{"rendered":"Vivienda digna"},"content":{"rendered":"<p>[\u00abV\u00eda Escolar.net\u00bb:http:\/\/www.escolar.net\/MT\/archives\/2006\/03\/por_una_viviend_1.html], ver su \u00abWiki\u00bb:http:\/\/www.escolar.net\/wiki\/index.php\/Sentada_por_una_vivienda_digna<\/p>\n<blockquote><p>\n\u00abHola a todos.<br \/>\nS\u00e9 que este correo-e se puede parecer a muchos de los que circulan por la red pero no es cierto. Este correo-e est\u00e1 siendo enviado por toda Espa\u00f1a para reivindicar nuestros derechos. Hemos asistido durante el mes de marzo a la convocatoria de multitudinarios macrobotellones, esta convocatoria es diferente.<br \/>\nEn Francia, los j\u00f3venes protestan por la \u201cmodificaci\u00f3n\u201d de los contratos basura. Muchas voces han sido las que se han quejado en este pa\u00eds porque los j\u00f3venes no hac\u00edan nada. Pues bien, \u00bfse lo vamos a demostrar?<br \/>\nEl domingo, 14 de Mayo a las 17:00 , sentada en<br \/>\n&#8211; Puerta del Sol (Madrid)<br \/>\n&#8211; Pla\u00e7a Catalunya (Barcelona)<br \/>\n(a\u00f1ade aqu\u00ed tambi\u00e9n la plaza m\u00e1s representativa de tu ciudad)<br \/>\nQueremos todos una vivienda digna, una vivienda en la que podamos vivir y fundar nuestras familias sin estar destinando m\u00e1s del 50% de nuestro sueldo para pagarla. Si de verdad te importa tu futuro\u2026 \u00bfestar\u00e1s all\u00ed sentado con tus colegas?<br \/>\nEsta convocatoria no ha sido convocada por ning\u00fan partido pol\u00edtico, simplemente es la demostraci\u00f3n de como la juventud espa\u00f1ola puede unirse para conseguir sus prop\u00f3sitos.<br \/>\n(Copiad y pegad el mensaje para que no se acumulen las direcciones, o poned las direcciones en CCO, pasadlo por m\u00f3vil tambien para que llegue al mayor n\u00famero posible de personas)<br \/>\nPOR UNA VIVIENDA DIGNA, DIFUNDE ESTE MENSAJE, \u00a1\u00a1PASALO!! \u00bb\n<\/p><\/blockquote>\n","protected":false},"excerpt":{"rendered":"<p>[\u00abV\u00eda Escolar.net\u00bb:http:\/\/www.escolar.net\/MT\/archives\/2006\/03\/por_una_viviend_1.html], ver su \u00abWiki\u00bb:http:\/\/www.escolar.net\/wiki\/index.php\/Sentada_por_una_vivienda_digna \u00abHola a todos. S\u00e9 que este correo-e se puede parecer a muchos de los que circulan por la red pero no es cierto. Este correo-e est\u00e1 siendo enviado por toda Espa\u00f1a para reivindicar nuestros derechos. Hemos asistido durante el mes de marzo a la convocatoria de multitudinarios macrobotellones, esta convocatoria&hellip;&nbsp;<a href=\"https:\/\/junjan.org\/wordpress\/2006\/03\/vivienda_digna\/\" rel=\"bookmark\">Leer m\u00e1s &raquo;<span class=\"screen-reader-text\">Vivienda digna<\/span><\/a><\/p>\n","protected":false},"author":1,"featured_media":0,"comment_status":"open","ping_status":"open","sticky":false,"template":"","format":"standard","meta":{"neve_meta_sidebar":"","neve_meta_container":"","neve_meta_enable_content_width":"","neve_meta_content_width":0,"neve_meta_title_alignment":"","neve_meta_author_avatar":"","neve_post_elements_order":"","neve_meta_disable_header":"","neve_meta_disable_footer":"","neve_meta_disable_title":"","footnotes":""},"categories":[84],"tags":[201],"class_list":["post-769","post","type-post","status-publish","format-standard","hentry","category-divagaciones","tag-vivienda-digna-movilizacion"],"_links":{"self":[{"href":"https:\/\/junjan.org\/wordpress\/wp-json\/wp\/v2\/posts\/769","targetHints":{"allow":["GET"]}}],"collection":[{"href":"https:\/\/junjan.org\/wordpress\/wp-json\/wp\/v2\/posts"}],"about":[{"href":"https:\/\/junjan.org\/wordpress\/wp-json\/wp\/v2\/types\/post"}],"author":[{"embeddable":true,"href":"https:\/\/junjan.org\/wordpress\/wp-json\/wp\/v2\/users\/1"}],"replies":[{"embeddable":true,"href":"https:\/\/junjan.org\/wordpress\/wp-json\/wp\/v2\/comments?post=769"}],"version-history":[{"count":0,"href":"https:\/\/junjan.org\/wordpress\/wp-json\/wp\/v2\/posts\/769\/revisions"}],"wp:attachment":[{"href":"https:\/\/junjan.org\/wordpress\/wp-json\/wp\/v2\/media?parent=769"}],"wp:term":[{"taxonomy":"category","embeddable":true,"href":"https:\/\/junjan.org\/wordpress\/wp-json\/wp\/v2\/categories?post=769"},{"taxonomy":"post_tag","embeddable":true,"href":"https:\/\/junjan.org\/wordpress\/wp-json\/wp\/v2\/tags?post=769"}],"curies":[{"name":"wp","href":"https:\/\/api.w.org\/{rel}","templated":true}]}}