{"id":770,"date":"2006-04-06T22:08:35","date_gmt":"2006-04-06T22:08:35","guid":{"rendered":"http:\/\/junjan.org\/wordpress\/?p=770"},"modified":"2006-04-06T22:08:35","modified_gmt":"2006-04-06T22:08:35","slug":"pas_de_ateos","status":"publish","type":"post","link":"https:\/\/junjan.org\/wordpress\/2006\/04\/pas_de_ateos\/","title":{"rendered":"Pa\u00eds de ateos"},"content":{"rendered":"<p>Se ven\u00eda venir&#8230; Espa\u00f1a, la reserva espiritual de occidente, est\u00e1 llena de ateos.<br \/>\n\u00abEl Pa\u00eds\u00bb:http:\/\/www.elpais.es\/articulo\/sociedad\/mayoria\/jovenes\/espanoles\/desconfia\/Iglesia\/declara\/catolico\/elpporsoc\/20060404elpepusoc_2\/Tes\/<\/p>\n<blockquote><p>\u00abPor primera vez en d\u00e9cadas, los adolescentes espa\u00f1oles de entre 15 y 24 a\u00f1os que se consideran cat\u00f3licos no superan el 50%, seg\u00fan ha revelado hoy el informe J\u00f3venes Espa\u00f1oles 2005, elaborado por la Fundaci\u00f3n Santa Mar\u00eda. El estudio se\u00f1ala que los adolescentes de nuestro pa\u00eds tienen una imagen negativa de s\u00ed mismos, debido a que no pueden independizarse, lo que les impulsa a volcarse en el ocio, antes que en la pol\u00edtica o en organizaciones sociales.<br \/>\nEl informe indica que la Iglesia es la instituci\u00f3n que m\u00e1s desconfianza suscita entre los j\u00f3venes, por delante incluso de las grandes multinacionales. Sin embargo, una de las instituciones que sigue siendo muy valorada es la familia, aunque adaptada a los nuevos tiempos, es decir: m\u00e1s democr\u00e1tica y menos normativista.<br \/>\nUno de los coautores del estudio, Juan Mar\u00eda Gonz\u00e1lez-Anleo, ha explicado que el alejamiento de la Iglesia por parte de los j\u00f3venes se ha acelerado de forma \u00absorprendente\u00bb en la \u00faltima d\u00e9cada. \u00abHace 10 a\u00f1os, un 77% de los j\u00f3venes se autodenominaba cat\u00f3lico, hoy no llegan al 50%\u201d, ha apuntado. No obstante, el porcentaje de los que afirman creer en Dios se eleva hasta el 55% (aunque 10 puntos por debajo respecto a 1999).\u00bb<\/p><\/blockquote>\n","protected":false},"excerpt":{"rendered":"<p>Se ven\u00eda venir&#8230; Espa\u00f1a, la reserva espiritual de occidente, est\u00e1 llena de ateos. \u00abEl Pa\u00eds\u00bb:http:\/\/www.elpais.es\/articulo\/sociedad\/mayoria\/jovenes\/espanoles\/desconfia\/Iglesia\/declara\/catolico\/elpporsoc\/20060404elpepusoc_2\/Tes\/ \u00abPor primera vez en d\u00e9cadas, los adolescentes espa\u00f1oles de entre 15 y 24 a\u00f1os que se consideran cat\u00f3licos no superan el 50%, seg\u00fan ha revelado hoy el informe J\u00f3venes Espa\u00f1oles 2005, elaborado por la Fundaci\u00f3n Santa Mar\u00eda. El estudio se\u00f1ala&hellip;&nbsp;<a href=\"https:\/\/junjan.org\/wordpress\/2006\/04\/pas_de_ateos\/\" rel=\"bookmark\">Leer m\u00e1s &raquo;<span class=\"screen-reader-text\">Pa\u00eds de ateos<\/span><\/a><\/p>\n","protected":false},"author":1,"featured_media":0,"comment_status":"open","ping_status":"open","sticky":false,"template":"","format":"standard","meta":{"neve_meta_sidebar":"","neve_meta_container":"","neve_meta_enable_content_width":"","neve_meta_content_width":0,"neve_meta_title_alignment":"","neve_meta_author_avatar":"","neve_post_elements_order":"","neve_meta_disable_header":"","neve_meta_disable_footer":"","neve_meta_disable_title":"","footnotes":""},"categories":[81],"tags":[202],"class_list":["post-770","post","type-post","status-publish","format-standard","hentry","category-revista-de-prensa","tag-religion-espana-ateismo"],"_links":{"self":[{"href":"https:\/\/junjan.org\/wordpress\/wp-json\/wp\/v2\/posts\/770","targetHints":{"allow":["GET"]}}],"collection":[{"href":"https:\/\/junjan.org\/wordpress\/wp-json\/wp\/v2\/posts"}],"about":[{"href":"https:\/\/junjan.org\/wordpress\/wp-json\/wp\/v2\/types\/post"}],"author":[{"embeddable":true,"href":"https:\/\/junjan.org\/wordpress\/wp-json\/wp\/v2\/users\/1"}],"replies":[{"embeddable":true,"href":"https:\/\/junjan.org\/wordpress\/wp-json\/wp\/v2\/comments?post=770"}],"version-history":[{"count":0,"href":"https:\/\/junjan.org\/wordpress\/wp-json\/wp\/v2\/posts\/770\/revisions"}],"wp:attachment":[{"href":"https:\/\/junjan.org\/wordpress\/wp-json\/wp\/v2\/media?parent=770"}],"wp:term":[{"taxonomy":"category","embeddable":true,"href":"https:\/\/junjan.org\/wordpress\/wp-json\/wp\/v2\/categories?post=770"},{"taxonomy":"post_tag","embeddable":true,"href":"https:\/\/junjan.org\/wordpress\/wp-json\/wp\/v2\/tags?post=770"}],"curies":[{"name":"wp","href":"https:\/\/api.w.org\/{rel}","templated":true}]}}