{"id":772,"date":"2006-04-08T03:07:41","date_gmt":"2006-04-08T03:07:41","guid":{"rendered":"http:\/\/junjan.org\/wordpress\/?p=772"},"modified":"2006-04-08T03:07:41","modified_gmt":"2006-04-08T03:07:41","slug":"el_terror","status":"publish","type":"post","link":"https:\/\/junjan.org\/wordpress\/2006\/04\/el_terror\/","title":{"rendered":"El terror"},"content":{"rendered":"<p>El nombramiento de Alfredo P\u00e9rez Rubalcaba como nuevo ministro del Interior produce terrores nocturnos (quiz\u00e1s con poluciones incluidas) entre las falanges neoliberales. [\u00abDice FJL\u00bb:http:\/\/libertaddigital.com\/opiniones\/opi_desa_30799.html]:<\/p>\n<blockquote><p>\n\u00abEste es un gobierno para el terror porque se ha hecho para entenderse con ETA y liquidar la investigaci\u00f3n del 11M. Y produce terror entre todos los ciudadanos decentes porque se ha puesto la polic\u00eda en manos del sujeto con menos escr\u00fapulos de Espa\u00f1a. Los resultados los veremos muy pronto. Viendo los del pasado, del GAL al 13-M, no hace falta mucha imaginaci\u00f3n para saber qu\u00e9 nos deparar\u00e1 el futuro: mentira sobre mentira, infamia sobre infamia y manipulaci\u00f3n sobre manipulaci\u00f3n. Rubalcaba es la verdadera cara de Zapatero, que a su vez es la sonrisa de Rubalcaba. Prepar\u00e9monos para lo peor, que siempre ser\u00e1 menos de lo que Rubalcaba es capaz de maquinar y perpetrar.\u00bb\n<\/p><\/blockquote>\n<p>\u00a1Sacr\u00e9 bleu! Debe ser el diablo en persona, con pezu\u00f1as y todo. Esto va a ser tan divertido que s\u00f3lo de pensarlo se me hace el culo gaseosa.<\/p>\n","protected":false},"excerpt":{"rendered":"<p>El nombramiento de Alfredo P\u00e9rez Rubalcaba como nuevo ministro del Interior produce terrores nocturnos (quiz\u00e1s con poluciones incluidas) entre las falanges neoliberales. [\u00abDice FJL\u00bb:http:\/\/libertaddigital.com\/opiniones\/opi_desa_30799.html]: \u00abEste es un gobierno para el terror porque se ha hecho para entenderse con ETA y liquidar la investigaci\u00f3n del 11M. Y produce terror entre todos los ciudadanos decentes porque se&hellip;&nbsp;<a href=\"https:\/\/junjan.org\/wordpress\/2006\/04\/el_terror\/\" rel=\"bookmark\">Leer m\u00e1s &raquo;<span class=\"screen-reader-text\">El terror<\/span><\/a><\/p>\n","protected":false},"author":1,"featured_media":0,"comment_status":"open","ping_status":"open","sticky":false,"template":"","format":"standard","meta":{"neve_meta_sidebar":"","neve_meta_container":"","neve_meta_enable_content_width":"","neve_meta_content_width":0,"neve_meta_title_alignment":"","neve_meta_author_avatar":"","neve_post_elements_order":"","neve_meta_disable_header":"","neve_meta_disable_footer":"","neve_meta_disable_title":"","footnotes":""},"categories":[5],"tags":[204],"class_list":["post-772","post","type-post","status-publish","format-standard","hentry","category-actualidad","tag-rubalcaba-losantos"],"_links":{"self":[{"href":"https:\/\/junjan.org\/wordpress\/wp-json\/wp\/v2\/posts\/772","targetHints":{"allow":["GET"]}}],"collection":[{"href":"https:\/\/junjan.org\/wordpress\/wp-json\/wp\/v2\/posts"}],"about":[{"href":"https:\/\/junjan.org\/wordpress\/wp-json\/wp\/v2\/types\/post"}],"author":[{"embeddable":true,"href":"https:\/\/junjan.org\/wordpress\/wp-json\/wp\/v2\/users\/1"}],"replies":[{"embeddable":true,"href":"https:\/\/junjan.org\/wordpress\/wp-json\/wp\/v2\/comments?post=772"}],"version-history":[{"count":0,"href":"https:\/\/junjan.org\/wordpress\/wp-json\/wp\/v2\/posts\/772\/revisions"}],"wp:attachment":[{"href":"https:\/\/junjan.org\/wordpress\/wp-json\/wp\/v2\/media?parent=772"}],"wp:term":[{"taxonomy":"category","embeddable":true,"href":"https:\/\/junjan.org\/wordpress\/wp-json\/wp\/v2\/categories?post=772"},{"taxonomy":"post_tag","embeddable":true,"href":"https:\/\/junjan.org\/wordpress\/wp-json\/wp\/v2\/tags?post=772"}],"curies":[{"name":"wp","href":"https:\/\/api.w.org\/{rel}","templated":true}]}}