{"id":775,"date":"2006-04-10T23:40:08","date_gmt":"2006-04-10T23:40:08","guid":{"rendered":"http:\/\/junjan.org\/wordpress\/?p=775"},"modified":"2006-04-10T23:40:08","modified_gmt":"2006-04-10T23:40:08","slug":"el_santo","status":"publish","type":"post","link":"https:\/\/junjan.org\/wordpress\/2006\/04\/el_santo\/","title":{"rendered":"El Santo"},"content":{"rendered":"<blockquote><p>\u00ab(Existe) una alianza entre los peri\u00f3dicos y sus propietarios, los grandes grupos econ\u00f3micos, para formar un frente oscuro y opaco contra m\u00ed, contra la peque\u00f1a y mediana empresa y contra los ciudadanos.<br \/>\nYo soy la persona m\u00e1s buena que existe, soy tolerante, quien llama a mi puerta la encuentra siempre abierta, ayudo a los pobres, amo a todo el mundo, soy una persona que une.\u00bb<\/p><\/blockquote>\n<p>[\u00abPalabra de Berlusconi\u00bb:http:\/\/www.elpais.es\/articulo\/internacional\/Berlusconi\/denuncia\/gran\/conspiracion\/empresarios\/jueces\/elpporint\/20060407elpepiint_6\/Tes\/].  Ser\u00e1 capullo&#8230;<\/p>\n","protected":false},"excerpt":{"rendered":"<p>\u00ab(Existe) una alianza entre los peri\u00f3dicos y sus propietarios, los grandes grupos econ\u00f3micos, para formar un frente oscuro y opaco contra m\u00ed, contra la peque\u00f1a y mediana empresa y contra los ciudadanos. Yo soy la persona m\u00e1s buena que existe, soy tolerante, quien llama a mi puerta la encuentra siempre abierta, ayudo a los pobres,&hellip;&nbsp;<a href=\"https:\/\/junjan.org\/wordpress\/2006\/04\/el_santo\/\" rel=\"bookmark\">Leer m\u00e1s &raquo;<span class=\"screen-reader-text\">El Santo<\/span><\/a><\/p>\n","protected":false},"author":1,"featured_media":0,"comment_status":"open","ping_status":"open","sticky":false,"template":"","format":"standard","meta":{"neve_meta_sidebar":"","neve_meta_container":"","neve_meta_enable_content_width":"","neve_meta_content_width":0,"neve_meta_title_alignment":"","neve_meta_author_avatar":"","neve_post_elements_order":"","neve_meta_disable_header":"","neve_meta_disable_footer":"","neve_meta_disable_title":"","footnotes":""},"categories":[1],"tags":[206],"class_list":["post-775","post","type-post","status-publish","format-standard","hentry","category-uncategorized","tag-berlusconi"],"_links":{"self":[{"href":"https:\/\/junjan.org\/wordpress\/wp-json\/wp\/v2\/posts\/775","targetHints":{"allow":["GET"]}}],"collection":[{"href":"https:\/\/junjan.org\/wordpress\/wp-json\/wp\/v2\/posts"}],"about":[{"href":"https:\/\/junjan.org\/wordpress\/wp-json\/wp\/v2\/types\/post"}],"author":[{"embeddable":true,"href":"https:\/\/junjan.org\/wordpress\/wp-json\/wp\/v2\/users\/1"}],"replies":[{"embeddable":true,"href":"https:\/\/junjan.org\/wordpress\/wp-json\/wp\/v2\/comments?post=775"}],"version-history":[{"count":0,"href":"https:\/\/junjan.org\/wordpress\/wp-json\/wp\/v2\/posts\/775\/revisions"}],"wp:attachment":[{"href":"https:\/\/junjan.org\/wordpress\/wp-json\/wp\/v2\/media?parent=775"}],"wp:term":[{"taxonomy":"category","embeddable":true,"href":"https:\/\/junjan.org\/wordpress\/wp-json\/wp\/v2\/categories?post=775"},{"taxonomy":"post_tag","embeddable":true,"href":"https:\/\/junjan.org\/wordpress\/wp-json\/wp\/v2\/tags?post=775"}],"curies":[{"name":"wp","href":"https:\/\/api.w.org\/{rel}","templated":true}]}}