{"id":778,"date":"2006-04-13T20:49:25","date_gmt":"2006-04-13T20:49:25","guid":{"rendered":"http:\/\/junjan.org\/wordpress\/?p=778"},"modified":"2012-09-20T00:43:07","modified_gmt":"2012-09-19T22:43:07","slug":"crista","status":"publish","type":"post","link":"https:\/\/junjan.org\/wordpress\/2006\/04\/crista\/","title":{"rendered":"Crista"},"content":{"rendered":"<p><a href=\"http:\/\/junjan.org\/wordpress\/wp-content\/uploads\/2011\/06\/Crista.jpg\"><img loading=\"lazy\" decoding=\"async\" class=\"alignleft size-full wp-image-1601\" title=\"Crista\" src=\"http:\/\/junjan.org\/wordpress\/wp-content\/uploads\/2011\/06\/Crista.jpg\" alt=\"\" width=\"168\" height=\"250\" srcset=\"https:\/\/junjan.org\/wordpress\/wp-content\/uploads\/2011\/06\/Crista.jpg 168w, https:\/\/junjan.org\/wordpress\/wp-content\/uploads\/2011\/06\/Crista-100x150.jpg 100w\" sizes=\"auto, (max-width: 168px) 100vw, 168px\" \/><\/a><\/p>\n<p>&nbsp;<\/p>\n<p>&nbsp;<\/p>\n<p>&nbsp;<\/p>\n<p>&nbsp;<\/p>\n<p>&nbsp;<\/p>\n<p>&nbsp;<\/p>\n<p>&nbsp;<\/p>\n<p>&nbsp;<\/p>\n<p>&nbsp;<\/p>\n<p>&nbsp;<br \/>\n\u00ab<a href=\":http:\/\/www.elperiodico.com\/default.asp?idpublicacio_PK=5&amp;idioma=CAS&amp;idnoticia_PK=295797&amp;idseccio_PK=16&amp;h=060413\">Las presiones obligan a la FNAC a retirar un cartel con una mujer clavada en una cruz<\/a>\u00bb (El Peri\u00f3dico)<\/p>\n<blockquote><p>\u00abLas presiones obligan a la FNAC a retirar un cartel con una mujer clavada en una cruz.<br \/>\na vieja disputa fronteriza sobre d\u00f3nde se sit\u00faa el l\u00edmite de la libertad de expresi\u00f3n cuando se trata de iconos religiosos ha vivido su en\u00e9sima batalla en la FNAC de la Illa pocas semanas despu\u00e9s de las violentas reacciones a las caricaturas de Mahoma.\u00a0La multinacional francesa ha retirado una imagen que hab\u00eda provocado la ira de algunos cat\u00f3licos, materializada en un bombardeo de correos electr\u00f3nicos de protesta. Preguntada por la decisi\u00f3n, la FNAC no ha querido hacer declaraciones.\u00a0La pol\u00e9mica hab\u00eda prendido en torno a un cartel protagonizado por la fotograf\u00eda de una mujer clavada en una cruz cristiana. Firmada por los argentinos <strong>Res y Constanza Piaggio<\/strong>, la foto recibe el t\u00edtulo de Crista.\u00a0El cartel anunciaba la exposici\u00f3n que alberga estos d\u00edas la FNAC de La Illa, dedicada al primer n\u00famero de C Internacional Photo Magazine, una revista creada por Elena Ochoa Foster que propone un di\u00e1logo art\u00edstico entre Oriente y Occidente. En este n\u00famero, artistas de todo el mundo revisan la iconograf\u00eda occidental, contexto en el que encajan tanto la Crista de los Piaggio como la lectura que hace Yasumasa Morimura del Saturno de Goya.\u00bb<\/p><\/blockquote>\n<p>Ver:<\/p>\n<p>\u00ac <a href=\"http:\/\/www.ivorypress.com\/cphotomagazine.htm\" target=\"_blank\">C-Photo Magazine<\/a><\/p>\n","protected":false},"excerpt":{"rendered":"<p>&nbsp; &nbsp; &nbsp; &nbsp; &nbsp; &nbsp; &nbsp; &nbsp; &nbsp; &nbsp; \u00abLas presiones obligan a la FNAC a retirar un cartel con una mujer clavada en una cruz\u00bb (El Peri\u00f3dico) \u00abLas presiones obligan a la FNAC a retirar un cartel con una mujer clavada en una cruz. a vieja disputa fronteriza sobre d\u00f3nde se sit\u00faa el&hellip;&nbsp;<a href=\"https:\/\/junjan.org\/wordpress\/2006\/04\/crista\/\" rel=\"bookmark\">Leer m\u00e1s &raquo;<span class=\"screen-reader-text\">Crista<\/span><\/a><\/p>\n","protected":false},"author":1,"featured_media":0,"comment_status":"open","ping_status":"open","sticky":false,"template":"","format":"standard","meta":{"neve_meta_sidebar":"","neve_meta_container":"","neve_meta_enable_content_width":"","neve_meta_content_width":0,"neve_meta_title_alignment":"","neve_meta_author_avatar":"","neve_post_elements_order":"","neve_meta_disable_header":"","neve_meta_disable_footer":"","neve_meta_disable_title":"","footnotes":""},"categories":[81],"tags":[908,907,910,909,595,619],"class_list":["post-778","post","type-post","status-publish","format-standard","hentry","category-revista-de-prensa","tag-carcaturas","tag-catolisismo","tag-crista","tag-cristo","tag-fundamentalismo","tag-mahoma"],"_links":{"self":[{"href":"https:\/\/junjan.org\/wordpress\/wp-json\/wp\/v2\/posts\/778","targetHints":{"allow":["GET"]}}],"collection":[{"href":"https:\/\/junjan.org\/wordpress\/wp-json\/wp\/v2\/posts"}],"about":[{"href":"https:\/\/junjan.org\/wordpress\/wp-json\/wp\/v2\/types\/post"}],"author":[{"embeddable":true,"href":"https:\/\/junjan.org\/wordpress\/wp-json\/wp\/v2\/users\/1"}],"replies":[{"embeddable":true,"href":"https:\/\/junjan.org\/wordpress\/wp-json\/wp\/v2\/comments?post=778"}],"version-history":[{"count":3,"href":"https:\/\/junjan.org\/wordpress\/wp-json\/wp\/v2\/posts\/778\/revisions"}],"predecessor-version":[{"id":2227,"href":"https:\/\/junjan.org\/wordpress\/wp-json\/wp\/v2\/posts\/778\/revisions\/2227"}],"wp:attachment":[{"href":"https:\/\/junjan.org\/wordpress\/wp-json\/wp\/v2\/media?parent=778"}],"wp:term":[{"taxonomy":"category","embeddable":true,"href":"https:\/\/junjan.org\/wordpress\/wp-json\/wp\/v2\/categories?post=778"},{"taxonomy":"post_tag","embeddable":true,"href":"https:\/\/junjan.org\/wordpress\/wp-json\/wp\/v2\/tags?post=778"}],"curies":[{"name":"wp","href":"https:\/\/api.w.org\/{rel}","templated":true}]}}