{"id":779,"date":"2006-04-14T18:47:00","date_gmt":"2006-04-14T18:47:00","guid":{"rendered":"http:\/\/junjan.org\/wordpress\/?p=779"},"modified":"2006-04-14T18:47:00","modified_gmt":"2006-04-14T18:47:00","slug":"la_repblica","status":"publish","type":"post","link":"https:\/\/junjan.org\/wordpress\/2006\/04\/la_repblica\/","title":{"rendered":"La Rep\u00fablica"},"content":{"rendered":"<p>Manifiesto: \u00abCon orgullo, con modestia y con gratitud\u00bb:http:\/\/www.memoriadelfuturo.org\/manifiesto.html<\/p>\n<blockquote><p>\n\u00abEl 14 de abril de 1931, Espa\u00f1a tuvo una oportunidad. La proclamaci\u00f3n de la II Rep\u00fablica Espa\u00f1ola encarn\u00f3 el sue\u00f1o de un pa\u00eds capaz de ser mejor que s\u00ed mismo, y reuni\u00f3 en un solo esfuerzo a todos los espa\u00f1oles que aspiraban a un porvenir de democracia y de modernidad, de libertad y de justicia, de educaci\u00f3n y de progreso, de igualdad y de derechos universales para todos sus conciudadanos. Hoy, setenta y cinco a\u00f1os despu\u00e9s, los firmantes de este manifiesto evocamos aquel esp\u00edritu con orgullo, con modestia y con gratitud, y reivindicamos como propios los valores del republicanismo espa\u00f1ol, que siguen vigentes como s\u00edmbolos de un pa\u00eds mejor, m\u00e1s libre y m\u00e1s justo.<br \/>\nFrente al colosal impulso modernizador y democratizador que acometieron las instituciones republicanas \u2014siempre con la desleal oposici\u00f3n de quienes cre\u00edan, y siguen creyendo, que este pa\u00eds es de su exclusiva propiedad\u2014, todav\u00eda se nos sigue intentando convencer de que la II Rep\u00fablica fue un bello prop\u00f3sito condenado al fracaso desde antes de nacer por sus propios errores y carencias. Los firmantes de este manifiesto rechazamos radicalmente esta interpretaci\u00f3n, que s\u00f3lo pretende absolver al general Franco de la responsabilidad del golpe de estado que interrumpi\u00f3 la legalidad constitucional y democr\u00e1tica de una rep\u00fablica sostenida por la voluntad mayoritaria del pueblo espa\u00f1ol, con las tr\u00e1gicas consecuencias que todos conocemos. Y exigimos que las instituciones de la actual democracia espa\u00f1ola rompan de manera definitiva los lazos que la siguen uniendo \u2014desde los callejeros de los municipios hasta los contenidos de los libros de texto\u2014 con un estado ileg\u00edtimo, que surgi\u00f3 de una agresi\u00f3n feroz contra sus propios ciudadanos y se sostuvo en el poder durante treinta y siete a\u00f1os mediante el abuso sistem\u00e1tico e indiscriminado de los siniestros recursos que caracterizan la pervivencia de los reg\u00edmenes totalitarios. Despu\u00e9s de treinta a\u00f1os de democracia, resulta vergonzoso tener que recordar a\u00fan donde estaba la ley y donde estuvo el delito. A estas alturas, es intolerable, y muy peligroso para la salud moral y pol\u00edtica de nuestro pa\u00eds, que todav\u00eda se pretenda equiparar al gobierno leg\u00edtimo de una naci\u00f3n democr\u00e1tica con la facci\u00f3n militar que se sublev\u00f3 contra el estado al que, por su honor, hab\u00eda jurado defender, y cuya victoria s\u00f3lo fue posible gracias a la ayuda de los reg\u00edmenes fascista y nazi que preparaban una invasi\u00f3n de Europa que acabar\u00eda provocando una guerra mundial y, a\u00fan m\u00e1s decisivamente, gracias a la culpable indiferencia de las democracias occidentales, que, antes de convertirse en v\u00edctimas de las mismas potencias en cuyas manos hab\u00edan abandonado a Espa\u00f1a, eligieron parapetarse tras el hip\u00f3crita simulacro de neutralidad que represent\u00f3 el comit\u00e9 de No Intervenci\u00f3n de Londres.<br \/>\nEl 14 de abril de 1931, Espa\u00f1a tuvo una oportunidad, y los espa\u00f1oles la aprovecharon. Pese a la brevedad de su vida, la II Rep\u00fablica desarroll\u00f3 en m\u00faltiples campos de la vida p\u00fablica una labor ingente, que asombr\u00f3 al mundo y situ\u00f3 a nuestro pa\u00eds en la vanguardia social y cultural. Entre sus logros, bastar\u00eda citar la reforma agraria, el sufragio femenino, los avances en materia legislativa de toda \u00edndole, la separaci\u00f3n efectiva de poderes, las constantes y modern\u00edsimas iniciativas destinadas a difundir la cultura hasta en las comarcas m\u00e1s remotas, el decidido impulso de la investigaci\u00f3n cient\u00edfica o el florecimiento ejemplar no s\u00f3lo de la educaci\u00f3n, sino tambi\u00e9n de la asistencia sanitaria p\u00fablica, para demostrar que aquel bello prop\u00f3sito gener\u00f3 bell\u00edsimas realidades, que habr\u00edan sido capaces de cambiar la vida de un pueblo condenado a la pobreza, la sumisi\u00f3n y la ignorancia por los mismos poderes \u2014los grandes propietarios, la facci\u00f3n m\u00e1s reaccionaria del Ej\u00e9rcito y la jerarqu\u00eda de la Iglesia Cat\u00f3lica\u2014 que se apresuraron a mutilarlo de toda esperanza.<br \/>\nLa Rep\u00fablica dot\u00f3 a los sectores m\u00e1s d\u00e9biles y desprotegidos de la sociedad de entonces, las mujeres y los ni\u00f1os, de un estatuto jur\u00eddico privilegiado en su \u00e9poca. El retroceso fue tan brutal, que el cambio de r\u00e9gimen supuso para ellas, para ellos, la p\u00e9rdida de todo derecho y su consagraci\u00f3n como subciudadanos dependientes de la buena voluntad de los cabezas de sus respectivas familias. La Rep\u00fablica apost\u00f3 por la defensa de los espacios p\u00fablicos como escenario fundamental de la vida espa\u00f1ola, asumiendo la necesidad de equiparar las condiciones de vida de las poblaciones rurales y urbanas, y desarrollando pol\u00edticas de igualdad no s\u00f3lo entre los individuos, sino tambi\u00e9n entre las regiones m\u00e1s y menos pr\u00f3speras. El retroceso fue tan brutal, que el cambio de r\u00e9gimen consolid\u00f3 las desigualdades hist\u00f3ricas tanto individuales como colectivas, y abandon\u00f3 la promoci\u00f3n de los servicios p\u00fablicos para crear un d\u00e9ficit que en algunos sectores, como la educaci\u00f3n primaria y secundaria, seguimos padeciendo todav\u00eda. La Rep\u00fablica foment\u00f3 el auge de la cultura espa\u00f1ola en todos los terrenos de la creaci\u00f3n art\u00edstica y de la investigaci\u00f3n cient\u00edfica, el debate intelectual y la vida universitaria, hasta el punto de que su nombre y su destino estar\u00e1n unidos para siempre a la memoria del m\u00e1ximo esplendor cultural del que ha gozado nuestro pa\u00eds en la era moderna. El retroceso fue tan brutal, que el cambio de r\u00e9gimen supuso la p\u00e9rdida m\u00e1s tr\u00e1gica que, a su vez, ha soportado nunca la cultura espa\u00f1ola, el exilio masivo de los mejores, que dejaron las aulas y los laboratorios, los talleres y las redacciones, las editoriales y los museos, la autoridad y el prestigio intelectual de nuestro pa\u00eds, en manos de una improvisada cosecha de oportunistas y segundones, que redujeron la vida cultural espa\u00f1ola a una lamentable manifestaci\u00f3n de mediocres oscuridades.<br \/>\nHoy, setenta y cinco a\u00f1os despu\u00e9s, los firmantes de este manifiesto no queremos seguir lamentando la triste brutalidad de aquel retroceso, sino celebrar la emocionante calidad de los logros que le precedieron, y agradecer la ambici\u00f3n, el coraje, el talento y la entrega de una generaci\u00f3n de espa\u00f1oles que crey\u00f3 en nosotros al creer en el futuro de su pa\u00eds. Reivindicar su memoria es creer en nuestro propio futuro, que ser\u00e1 proporcionalmente mejor, m\u00e1s libre, m\u00e1s justo, m\u00e1s feliz, en la medida en que seamos capaces de estar a la altura de la tradici\u00f3n republicana que hemos heredado. Por una Espa\u00f1a verdaderamente moderna, laica, culta, igualitaria, por su definitiva normalizaci\u00f3n democr\u00e1tica, y por el progreso arm\u00f3nico del bienestar de todos sus ciudadanos, hoy, setenta y cinco a\u00f1os despu\u00e9s, queremos celebrar el 14 de abril de 1931, y proponer que esta fecha se celebre en lo sucesivo como un reconocimiento oficial a todos los ciudadanos espa\u00f1oles que lucharon activamente por la libertad, la justicia y la igualdad, valores comunes que tienen que seguir orientando la construcci\u00f3n democr\u00e1tica de la sociedad espa\u00f1ola.\u00bb\n<\/p><\/blockquote>\n<p>\u00abFirmar el Manifiesto\u00bb:http:\/\/www.memoriadelfuturo.org\/firmas\/portada.php<\/p>\n","protected":false},"excerpt":{"rendered":"<p>Manifiesto: \u00abCon orgullo, con modestia y con gratitud\u00bb:http:\/\/www.memoriadelfuturo.org\/manifiesto.html \u00abEl 14 de abril de 1931, Espa\u00f1a tuvo una oportunidad. La proclamaci\u00f3n de la II Rep\u00fablica Espa\u00f1ola encarn\u00f3 el sue\u00f1o de un pa\u00eds capaz de ser mejor que s\u00ed mismo, y reuni\u00f3 en un solo esfuerzo a todos los espa\u00f1oles que aspiraban a un porvenir de democracia&hellip;&nbsp;<a href=\"https:\/\/junjan.org\/wordpress\/2006\/04\/la_repblica\/\" rel=\"bookmark\">Leer m\u00e1s &raquo;<span class=\"screen-reader-text\">La Rep\u00fablica<\/span><\/a><\/p>\n","protected":false},"author":1,"featured_media":0,"comment_status":"open","ping_status":"open","sticky":false,"template":"","format":"standard","meta":{"neve_meta_sidebar":"","neve_meta_container":"","neve_meta_enable_content_width":"","neve_meta_content_width":0,"neve_meta_title_alignment":"","neve_meta_author_avatar":"","neve_post_elements_order":"","neve_meta_disable_header":"","neve_meta_disable_footer":"","neve_meta_disable_title":"","footnotes":""},"categories":[5],"tags":[210],"class_list":["post-779","post","type-post","status-publish","format-standard","hentry","category-actualidad","tag-espana-republica-monarquia"],"_links":{"self":[{"href":"https:\/\/junjan.org\/wordpress\/wp-json\/wp\/v2\/posts\/779","targetHints":{"allow":["GET"]}}],"collection":[{"href":"https:\/\/junjan.org\/wordpress\/wp-json\/wp\/v2\/posts"}],"about":[{"href":"https:\/\/junjan.org\/wordpress\/wp-json\/wp\/v2\/types\/post"}],"author":[{"embeddable":true,"href":"https:\/\/junjan.org\/wordpress\/wp-json\/wp\/v2\/users\/1"}],"replies":[{"embeddable":true,"href":"https:\/\/junjan.org\/wordpress\/wp-json\/wp\/v2\/comments?post=779"}],"version-history":[{"count":0,"href":"https:\/\/junjan.org\/wordpress\/wp-json\/wp\/v2\/posts\/779\/revisions"}],"wp:attachment":[{"href":"https:\/\/junjan.org\/wordpress\/wp-json\/wp\/v2\/media?parent=779"}],"wp:term":[{"taxonomy":"category","embeddable":true,"href":"https:\/\/junjan.org\/wordpress\/wp-json\/wp\/v2\/categories?post=779"},{"taxonomy":"post_tag","embeddable":true,"href":"https:\/\/junjan.org\/wordpress\/wp-json\/wp\/v2\/tags?post=779"}],"curies":[{"name":"wp","href":"https:\/\/api.w.org\/{rel}","templated":true}]}}