{"id":783,"date":"2006-04-16T18:58:47","date_gmt":"2006-04-16T18:58:47","guid":{"rendered":"http:\/\/junjan.org\/wordpress\/?p=783"},"modified":"2006-04-16T18:58:47","modified_gmt":"2006-04-16T18:58:47","slug":"10_preguntas","status":"publish","type":"post","link":"https:\/\/junjan.org\/wordpress\/2006\/04\/10_preguntas\/","title":{"rendered":"10 preguntas"},"content":{"rendered":"<p>&#8211;Visto en [\u00abMeneame\u00bb:http:\/\/meneame.net\/]&#8211;<br \/>\n\u00abDiez preguntas b\u00e1sicas\u00bb:http:\/\/www.shoutwire.com\/viewstory\/9938\/Scientists_offer_10_basic_questions_to_test_your_knowledge sobre ciencia que un grupo de afamados cient\u00edficos considera que cualquier estudiante de bachillerato deber\u00eda saber responder.<br \/>\n1. \u00bfQu\u00e9 porcentaje de la tierra est\u00e1 cubierto por agua?<br \/>\n2. \u00bfQu\u00e9 tipo de se\u00f1ales usa el cerebro para comunicar sensaciones, pensamientos y acciones?<br \/>\n3. Los dinosaurios y los seres humanos, \u00bfexistieron alguna vez al mismo tiempo?<br \/>\n4. \u00bfEn qu\u00e9 consiste la teor\u00eda de Darwin del origen de las especies?<br \/>\n5. \u00bfPor qu\u00e9 un a\u00f1o tiene 365 d\u00edas, y un d\u00eda 24 horas?<br \/>\n6. \u00bfPor qu\u00e9 es azul el cielo?<br \/>\n7. \u00bfCu\u00e1l es la causa del arco iris?<br \/>\n8. \u00bfQu\u00e9 es lo que hace a las enfermedades producidas por virus y bacterias dif\u00edciles de tratar?<br \/>\n9. \u00bfCu\u00e1ntos a\u00f1os tienen los f\u00f3siles m\u00e1s antiguos de la tierra?<br \/>\n10. \u00bfPor qu\u00e9 ponemos sal en las aceras cuando nieva?<\/p>\n","protected":false},"excerpt":{"rendered":"<p>&#8211;Visto en [\u00abMeneame\u00bb:http:\/\/meneame.net\/]&#8211; \u00abDiez preguntas b\u00e1sicas\u00bb:http:\/\/www.shoutwire.com\/viewstory\/9938\/Scientists_offer_10_basic_questions_to_test_your_knowledge sobre ciencia que un grupo de afamados cient\u00edficos considera que cualquier estudiante de bachillerato deber\u00eda saber responder. 1. \u00bfQu\u00e9 porcentaje de la tierra est\u00e1 cubierto por agua? 2. \u00bfQu\u00e9 tipo de se\u00f1ales usa el cerebro para comunicar sensaciones, pensamientos y acciones? 3. Los dinosaurios y los seres humanos, \u00bfexistieron&hellip;&nbsp;<a href=\"https:\/\/junjan.org\/wordpress\/2006\/04\/10_preguntas\/\" rel=\"bookmark\">Leer m\u00e1s &raquo;<span class=\"screen-reader-text\">10 preguntas<\/span><\/a><\/p>\n","protected":false},"author":1,"featured_media":0,"comment_status":"closed","ping_status":"open","sticky":false,"template":"","format":"standard","meta":{"neve_meta_sidebar":"","neve_meta_container":"","neve_meta_enable_content_width":"","neve_meta_content_width":0,"neve_meta_title_alignment":"","neve_meta_author_avatar":"","neve_post_elements_order":"","neve_meta_disable_header":"","neve_meta_disable_footer":"","neve_meta_disable_title":"","footnotes":""},"categories":[81],"tags":[214],"class_list":["post-783","post","type-post","status-publish","format-standard","hentry","category-revista-de-prensa","tag-ciencia-2"],"_links":{"self":[{"href":"https:\/\/junjan.org\/wordpress\/wp-json\/wp\/v2\/posts\/783","targetHints":{"allow":["GET"]}}],"collection":[{"href":"https:\/\/junjan.org\/wordpress\/wp-json\/wp\/v2\/posts"}],"about":[{"href":"https:\/\/junjan.org\/wordpress\/wp-json\/wp\/v2\/types\/post"}],"author":[{"embeddable":true,"href":"https:\/\/junjan.org\/wordpress\/wp-json\/wp\/v2\/users\/1"}],"replies":[{"embeddable":true,"href":"https:\/\/junjan.org\/wordpress\/wp-json\/wp\/v2\/comments?post=783"}],"version-history":[{"count":0,"href":"https:\/\/junjan.org\/wordpress\/wp-json\/wp\/v2\/posts\/783\/revisions"}],"wp:attachment":[{"href":"https:\/\/junjan.org\/wordpress\/wp-json\/wp\/v2\/media?parent=783"}],"wp:term":[{"taxonomy":"category","embeddable":true,"href":"https:\/\/junjan.org\/wordpress\/wp-json\/wp\/v2\/categories?post=783"},{"taxonomy":"post_tag","embeddable":true,"href":"https:\/\/junjan.org\/wordpress\/wp-json\/wp\/v2\/tags?post=783"}],"curies":[{"name":"wp","href":"https:\/\/api.w.org\/{rel}","templated":true}]}}