{"id":789,"date":"2006-05-05T11:00:40","date_gmt":"2006-05-05T09:00:40","guid":{"rendered":"http:\/\/junjan.org\/wordpress\/?p=789"},"modified":"2012-07-20T12:37:37","modified_gmt":"2012-07-20T10:37:37","slug":"investigar_sin_obstculos","status":"publish","type":"post","link":"https:\/\/junjan.org\/wordpress\/2006\/05\/investigar_sin_obstculos\/","title":{"rendered":"Investigar sin obst\u00e1culos"},"content":{"rendered":"<p>La \u00abF<a href=\"http:\/\/www.precarios.org\/\" target=\"_blank\">ederaci\u00f3n de J\u00f3venes Investigadores-Precarios<\/a>\u00a0ha convocado una\u00a0manifestaci\u00f3n para el d\u00eda 20 de Mayo en Madrid con el lema: \u00abPor la dignidad en la investigaci\u00f3n\u00bb y \u00abPor una carrera de investigaci\u00f3n sin obst\u00e1culos\u00bb.<\/p>\n<p>S\u00f3lo recordar que el gobierno de Zapatero sigue incumpliendo sus promesas electorales y <a href=\"http:\/\/www.precarios.org\/20021129elpepi_31.pdf\" target=\"_blank\">pre-electorales<\/a>\u00a0sobre el tema. Mientras tanto Espa\u00f1a sigue estando en uno de los puestos m\u00e1s bajos de la Uni\u00f3n Europea en cuanto a \u00ab<a href=\"http:\/\/junjan.org\/wordpress\/2006\/01\/innovacin_cero\/\" target=\"_blank\">investigaci\u00f3n y desarrollo<\/a>\u00bb y en los m\u00e1s altos en cuanto a endogamia en la carrera investigadora.<br \/>\nComo muy bien me dec\u00edan mis colegas del barrio cuando les contaba mis historias de la tesis, los investigadores sois unos &#8216;pringaos&#8217;.<\/p>\n<blockquote><p><strong>Manifiesto por la Investigaci\u00f3n<\/strong><br \/>\n\u00abLa Federaci\u00f3n de J\u00f3venes Investigadores-Precarios lleva denunciando desde su creaci\u00f3n, en abril de 2000, las carencias y problemas de la investigaci\u00f3n en Espa\u00f1a, proponiendo soluciones. Mediante este documento queremos dar a conocer p\u00fablicamente las deficiencias m\u00e1s importantes y recabar apoyo para que los organismos p\u00fablicos las solventen definitivamente.<br \/>\n1. No existe una adecuada consideraci\u00f3n del trabajo de los investigadores en los \u00e1mbitos pol\u00edtico y social.<br \/>\n1.a) Falta un reconocimiento generalizado de la producci\u00f3n investigadora, que no s\u00f3lo constituye uno de los pilares b\u00e1sicos del patrimonio cultural, sino que, adem\u00e1s, proporciona la base del futuro desarrollo econ\u00f3mico, social y cultural de un pa\u00eds.<br \/>\n1.b) Parece ignorarse constantemente que la investigaci\u00f3n no es un gasto, sino una inversi\u00f3n rentable, que tendr\u00e1 consecuencias econ\u00f3micas en el pa\u00eds.<br \/>\n1.c) En el \u00e1mbito de los recursos humanos destinados a la investigaci\u00f3n, Espa\u00f1a dista de una situaci\u00f3n equiparable a la de pa\u00edses del entorno europeo que se encuentran en situaci\u00f3n de desarrollo similar. Reiteradamente se ignoran todas las recomendaciones para la investigaci\u00f3n que se elaboran desde la UE1.<br \/>\n2. La inversi\u00f3n destinada a I+D+i es excesivamente baja. Esto repercute negativamente en distintos aspectos:<br \/>\n2.a) Los limitados recursos y las variaciones en los presupuestos para Ciencia y Tecnolog\u00eda dificultan notablemente el trabajo de los investigadores, de modo que muchos proyectos han de salir adelante con falta de personal, medios o incluso de medidas de seguridad.<br \/>\n2.b) La escasa inversi\u00f3n provoca que se opte por \u00abmano de obra barata\u00bb, a trav\u00e9s de becarios de investigaci\u00f3n, contratados a tiempo parcial que trabajan a jornada completa, contratos\/becas de pocos meses que se van encadenando sucesivamente con vac\u00edos en el medio. Muchos de ellos siguen careciendo de derechos b\u00e1sicos como la protecci\u00f3n frente a posibles accidentes laborales propios de la profesi\u00f3n y no tienen acceso a beneficios de car\u00e1cter social (cotizaci\u00f3n a desempleo o jubilaci\u00f3n durante largos per\u00edodos continuados, bajas, vacaciones, etc.).<br \/>\n2.c) Se cae en la err\u00f3nea consideraci\u00f3n de fomentar prioritariamente la investigaci\u00f3n tecnol\u00f3gica con rendimientos a corto plazo, ignorando que \u00e9sta se alimenta y apoya necesariamente en disciplinas b\u00e1sicas y que, por tanto, producen rendimientos a m\u00e1s largo plazo, siendo muchas veces las disciplinas de humanidades las m\u00e1s perjudicadas. Esta consideraci\u00f3n hace que el sistema en su conjunto se debilite progresivamente y est\u00e9 estructuralmente desequilibrado.<br \/>\n2.d) El sistema nacional de I+D+i no incentiva el desarrollo tecnol\u00f3gico y ni la generaci\u00f3n de patentes. Esto se traduce en la dependencia tecnol\u00f3gica de otros pa\u00edses.<br \/>\n3. El dise\u00f1o de carrera investigadora sufre serias deficiencias, que provocan problemas a lo largo de las diferentes etapas profesionales. Las m\u00e1s significativas son:<br \/>\n3.a) La estructura fuertemente piramidal del estamento cient\u00edfico hace que el n\u00famero de puestos de trabajo, conforme se avanza, disminuya dr\u00e1sticamente. Para los investigadores de las primeras etapas, esto supone una gran dificultad de inserci\u00f3n y promoci\u00f3n en el sistema. Los investigadores con contrato de larga duraci\u00f3n o funcionarios ven obstaculizadas sus posibilidades de promoci\u00f3n a puestos superiores a pesar de tener curr\u00edculos de excelencia. La consecuencia principal es el envejecimiento de la plantilla de investigadores reci\u00e9n incorporados.<br \/>\n3.b) Por otra parte, no existe ninguna previsi\u00f3n del n\u00famero de investigadores que el sistema de I+D+i requiere, lo que imposibilita una planificaci\u00f3n profesional y personal. Como consecuencia de ello se producen muchos abandonos y se pierde el dinero invertido en la formaci\u00f3n y desarrollo profesional de ese investigador.<br \/>\n3.c) La dificultad para encontrar puestos de trabajo en etapas sucesivas del desarrollo profesional y la mala gesti\u00f3n de las convocatorias p\u00fablicas hace que muchas personas atraviesen temporadas, a veces largas, sin recibir financiaci\u00f3n de ninguna clase ya que en la mayor\u00eda de los casos ni siquiera tienen opci\u00f3n al subsidio por desempleo.<br \/>\n3d) Los cambios de fecha, lentitud y retraso en la resoluci\u00f3n de convocatorias de puestos de trabajo y proyectos de investigaci\u00f3n provocan inestabilidad en el sistema cient\u00edfico.<br \/>\n3.e) No se facilita suficientemente la movilidad de los investigadores espa\u00f1oles y se dificulta, por cuestiones burocr\u00e1ticas, el acceso de investigadores extranjeros al sistema espa\u00f1ol.<br \/>\n3.f) El sistema p\u00fablico y el sistema privado de I+D no se coordinan ni complementan. Es indudable la ausencia de compromiso e iniciativas del sector privado en materia de investigaci\u00f3n Adem\u00e1s, faltan pol\u00edticas de ayuda a la investigaci\u00f3n en la empresa y facilidades a la movilidad del investigador entre los organismos p\u00fablicos y la empresa privada.<br \/>\n4. No existe una correcta planificaci\u00f3n de la pol\u00edtica cient\u00edfica a largo plazo ni una coordinaci\u00f3n de las pol\u00edticas existentes en los diferentes niveles.<br \/>\nPor todo ello, consideramos que es imprescindible un impulso decidido para mejorar la situaci\u00f3n, por lo que instamos al Gobierno estatal, a los Gobiernos Auton\u00f3micos y a los centros universitarios y de investigaci\u00f3n a cumplir sus compromisos con la sociedad espa\u00f1ola y llevar adelante las siguientes medidas:<br \/>\n1. Estudio e implantaci\u00f3n de una carrera investigadora coherente y digna, con la participaci\u00f3n en el proyecto de las diferentes entidades sociales implicadas, de manera que se cumpla:<br \/>\n1.a) Reconocimiento laboral y protecci\u00f3n social completa para todos los investigadores. Se deber\u00e1n articular medidas que favorezcan la compaginaci\u00f3n de la vida familiar y personal y la investigaci\u00f3n.<br \/>\n1.b) Mejorar la continuidad de la carrera investigadora entre las distintas etapas.<br \/>\n1.c) Establecer una estructura profesional proporcionada entre las diferentes etapas, de modo que permita acceder a un puesto estable a los investigadores que hayan superado las evaluaciones oportunas y que garantice la posibilidad de promoci\u00f3n profesional.<br \/>\n1.d) Facilitar y fomentar la movilidad de los investigadores, dentro y fuera del pa\u00eds y entre los sectores p\u00fablico y privado.<br \/>\n1.e) Incentivar y fomentar el incremento del capital privado en I+D+i para que lidere el desarrollo tecnol\u00f3gico en nuestro pa\u00eds.<br \/>\n2. Dise\u00f1o de una pol\u00edtica cient\u00edfica m\u00e1s all\u00e1 de los periodos legislativos y que atienda a compromisos cient\u00edficos y no electorales.<br \/>\n3. Un incremento definitivo del presupuesto destinado a investigaci\u00f3n, con una correcta planificaci\u00f3n y distribuci\u00f3n de fondos, prestando especial atenci\u00f3n a los recursos humanos.<br \/>\n4. Un impulso decidido para fomentar el reconocimiento social de la investigaci\u00f3n.\u00bb<\/p><\/blockquote>\n","protected":false},"excerpt":{"rendered":"<p>La \u00abFederaci\u00f3n de J\u00f3venes Investigadores-Precarios\u00a0ha convocado una\u00a0manifestaci\u00f3n para el d\u00eda 20 de Mayo en Madrid con el lema: \u00abPor la dignidad en la investigaci\u00f3n\u00bb y \u00abPor una carrera de investigaci\u00f3n sin obst\u00e1culos\u00bb. S\u00f3lo recordar que el gobierno de Zapatero sigue incumpliendo sus promesas electorales y pre-electorales\u00a0sobre el tema. Mientras tanto Espa\u00f1a sigue estando en uno&hellip;&nbsp;<a href=\"https:\/\/junjan.org\/wordpress\/2006\/05\/investigar_sin_obstculos\/\" rel=\"bookmark\">Leer m\u00e1s &raquo;<span class=\"screen-reader-text\">Investigar sin obst\u00e1culos<\/span><\/a><\/p>\n","protected":false},"author":1,"featured_media":0,"comment_status":"open","ping_status":"open","sticky":false,"template":"","format":"standard","meta":{"neve_meta_sidebar":"","neve_meta_container":"","neve_meta_enable_content_width":"","neve_meta_content_width":0,"neve_meta_title_alignment":"","neve_meta_author_avatar":"","neve_post_elements_order":"","neve_meta_disable_header":"","neve_meta_disable_footer":"","neve_meta_disable_title":"","footnotes":""},"categories":[5],"tags":[214,567,605,606],"class_list":["post-789","post","type-post","status-publish","format-standard","hentry","category-actualidad","tag-ciencia-2","tag-politica-cientifica","tag-precariedad","tag-precarios"],"_links":{"self":[{"href":"https:\/\/junjan.org\/wordpress\/wp-json\/wp\/v2\/posts\/789","targetHints":{"allow":["GET"]}}],"collection":[{"href":"https:\/\/junjan.org\/wordpress\/wp-json\/wp\/v2\/posts"}],"about":[{"href":"https:\/\/junjan.org\/wordpress\/wp-json\/wp\/v2\/types\/post"}],"author":[{"embeddable":true,"href":"https:\/\/junjan.org\/wordpress\/wp-json\/wp\/v2\/users\/1"}],"replies":[{"embeddable":true,"href":"https:\/\/junjan.org\/wordpress\/wp-json\/wp\/v2\/comments?post=789"}],"version-history":[{"count":5,"href":"https:\/\/junjan.org\/wordpress\/wp-json\/wp\/v2\/posts\/789\/revisions"}],"predecessor-version":[{"id":1143,"href":"https:\/\/junjan.org\/wordpress\/wp-json\/wp\/v2\/posts\/789\/revisions\/1143"}],"wp:attachment":[{"href":"https:\/\/junjan.org\/wordpress\/wp-json\/wp\/v2\/media?parent=789"}],"wp:term":[{"taxonomy":"category","embeddable":true,"href":"https:\/\/junjan.org\/wordpress\/wp-json\/wp\/v2\/categories?post=789"},{"taxonomy":"post_tag","embeddable":true,"href":"https:\/\/junjan.org\/wordpress\/wp-json\/wp\/v2\/tags?post=789"}],"curies":[{"name":"wp","href":"https:\/\/api.w.org\/{rel}","templated":true}]}}