{"id":790,"date":"2006-05-07T19:54:56","date_gmt":"2006-05-07T19:54:56","guid":{"rendered":"http:\/\/junjan.org\/wordpress\/?p=790"},"modified":"2006-05-07T19:54:56","modified_gmt":"2006-05-07T19:54:56","slug":"vuelven_los_nacionales","status":"publish","type":"post","link":"https:\/\/junjan.org\/wordpress\/2006\/05\/vuelven_los_nacionales\/","title":{"rendered":"Vuelven \u00ablos nacionales\u00bb"},"content":{"rendered":"<p>Acudiendo a la llamada de tanto nost\u00e1lgico del franquismo, los partidos pol\u00edticos a la derecha del PP \u2014\u00bfm\u00e1s?\u2014 est\u00e1n negociando formar una coalici\u00f3n para las pr\u00f3ximas elecciones generales. \u00ab[\u00abLa hora de los nacionales\u00bb:http:\/\/www.abc.es\/abc\/pg060502\/prensa\/noticias\/Nacional\/Politica\/200605\/02\/NAC-NAC-047.asp ]\u00bb, proclaman.<br \/>\nSeg\u00fan ABC, son al menos tres partidos: Democracia Nacional, La Falange  y Alternativa Espa\u00f1ola. Un elenco que puede ser suficientemente nost\u00e1lgico hasta para los peregrinos anuales del \u00abValle de los Ca\u00eddos\u00bb. S\u00f3lo para que os hag\u00e1is una idea somera del ideario, veamos sus respectivos primeros puntos ideol\u00f3gicos:<\/p>\n<blockquote><p>\n\u00ac Democracia Nacional: Defensa de la unidad de Espa\u00f1a; reforma constitucional en su art\u00edculo 2\u00ba y su t\u00edtulo VIII.<br \/>\n\u00ac La Falange propone incluir en el C\u00f3digo Penal un delito de apolog\u00eda del separatismo. Existe en nuestro actual C\u00f3digo un precedente de delito de opini\u00f3n. El art\u00edculo 607.2 establece penas de uno a dos a\u00f1os de prisi\u00f3n para los casos de apolog\u00eda del genocidio. En la pr\u00e1ctica, este tipo penal se cre\u00f3 para reprimir a quienes negasen p\u00fablicamente el Holocausto jud\u00edo. Creemos que las actuales circunstancias pol\u00edticas, con los desaf\u00edos constantes de instituciones auton\u00f3micas a la Unidad de Espa\u00f1a, justifican sobradamente la inclusi\u00f3n de este delito de opini\u00f3n. Creemos que la negaci\u00f3n p\u00fablica de la existencia de la naci\u00f3n espa\u00f1ola por parte de cargos electos que cobran sus sueldos del bolsillo de los contribuyentes espa\u00f1oles causa mucha m\u00e1s alarma social que la negaci\u00f3n del Holocausto, y adem\u00e1s, supone una amenaza real para el futuro de Espa\u00f1a.<br \/>\n\u00ac Alternativa Espa\u00f1ola nace con el firme prop\u00f3sito de hacer discurrir su caminar pol\u00edtico al servicio de las verdades eternas que surgen del reconocimiento expreso de la Ley de Dios, en la que buscar\u00e1 su inspiraci\u00f3n permanente. Alternativa Espa\u00f1ola trabajar\u00e1 por la restauraci\u00f3n del orden pol\u00edtico y social en funci\u00f3n del orden espiritual de referencia de nuestra civilizaci\u00f3n que es el occidental y cristiano, participando en la vida p\u00fablica desde esa perspectiva.\n<\/p><\/blockquote>\n<p>Suena tan absurdamente arcaico que en realidad es m\u00e1s o menos lo mismo que dec\u00eda [\u00abGil Robles\u00bb:http:\/\/es.wikipedia.org\/wiki\/Jose_Mar%C3%ADa_Gil_Robles]:<\/p>\n<blockquote><p>\u00abCuando el orden social est\u00e1 en peligro, los cat\u00f3licos deben unirse para defenderlo y defender los principios de la civilizaci\u00f3n cristiana.\u00bb<br \/>\n\u00abDebemos ir a la reconquista de Espa\u00f1a (&#8230;) Debemos dar a Espa\u00f1a una verdadera unidad, un nuevo esp\u00edritu, una pol\u00edtica totalitaria (&#8230;) Es necesario, en el momento presente, derrotar al socialismo implacablemente (&#8230;) Debemos fundar un nuevo Estado, una naci\u00f3n nueva, dejar la patria depurada de masones judaizantes&#8230; Debemos empezar a hacer un Estado nuevo, y para ello se imponen deberes y sacrificios. \u00a1Qu\u00e9 importa si tenemos que derramar sangre&#8230;! Necesitamos el Poder \u00edntegro y eso es lo que pedimos (&#8230;) Para realizar este ideal no vamos a perder el tiempo con formas arcaicas. La democracia no es para nosotros un fin, sino un medio para ir a la conquista de un Estado nuevo. Llegado el momento, el Parlamento o se somete o le hacemos desaparecer.\u00bb<\/p><\/blockquote>\n","protected":false},"excerpt":{"rendered":"<p>Acudiendo a la llamada de tanto nost\u00e1lgico del franquismo, los partidos pol\u00edticos a la derecha del PP \u2014\u00bfm\u00e1s?\u2014 est\u00e1n negociando formar una coalici\u00f3n para las pr\u00f3ximas elecciones generales. \u00ab[\u00abLa hora de los nacionales\u00bb:http:\/\/www.abc.es\/abc\/pg060502\/prensa\/noticias\/Nacional\/Politica\/200605\/02\/NAC-NAC-047.asp ]\u00bb, proclaman. Seg\u00fan ABC, son al menos tres partidos: Democracia Nacional, La Falange y Alternativa Espa\u00f1ola. Un elenco que puede ser suficientemente&hellip;&nbsp;<a href=\"https:\/\/junjan.org\/wordpress\/2006\/05\/vuelven_los_nacionales\/\" rel=\"bookmark\">Leer m\u00e1s &raquo;<span class=\"screen-reader-text\">Vuelven \u00ablos nacionales\u00bb<\/span><\/a><\/p>\n","protected":false},"author":1,"featured_media":0,"comment_status":"open","ping_status":"open","sticky":false,"template":"","format":"standard","meta":{"neve_meta_sidebar":"","neve_meta_container":"","neve_meta_enable_content_width":"","neve_meta_content_width":0,"neve_meta_title_alignment":"","neve_meta_author_avatar":"","neve_post_elements_order":"","neve_meta_disable_header":"","neve_meta_disable_footer":"","neve_meta_disable_title":"","footnotes":""},"categories":[5],"tags":[221],"class_list":["post-790","post","type-post","status-publish","format-standard","hentry","category-actualidad","tag-ultraderecha-fascismo-falange-falangista"],"_links":{"self":[{"href":"https:\/\/junjan.org\/wordpress\/wp-json\/wp\/v2\/posts\/790","targetHints":{"allow":["GET"]}}],"collection":[{"href":"https:\/\/junjan.org\/wordpress\/wp-json\/wp\/v2\/posts"}],"about":[{"href":"https:\/\/junjan.org\/wordpress\/wp-json\/wp\/v2\/types\/post"}],"author":[{"embeddable":true,"href":"https:\/\/junjan.org\/wordpress\/wp-json\/wp\/v2\/users\/1"}],"replies":[{"embeddable":true,"href":"https:\/\/junjan.org\/wordpress\/wp-json\/wp\/v2\/comments?post=790"}],"version-history":[{"count":0,"href":"https:\/\/junjan.org\/wordpress\/wp-json\/wp\/v2\/posts\/790\/revisions"}],"wp:attachment":[{"href":"https:\/\/junjan.org\/wordpress\/wp-json\/wp\/v2\/media?parent=790"}],"wp:term":[{"taxonomy":"category","embeddable":true,"href":"https:\/\/junjan.org\/wordpress\/wp-json\/wp\/v2\/categories?post=790"},{"taxonomy":"post_tag","embeddable":true,"href":"https:\/\/junjan.org\/wordpress\/wp-json\/wp\/v2\/tags?post=790"}],"curies":[{"name":"wp","href":"https:\/\/api.w.org\/{rel}","templated":true}]}}