{"id":792,"date":"2006-05-13T21:36:13","date_gmt":"2006-05-13T21:36:13","guid":{"rendered":"http:\/\/junjan.org\/wordpress\/?p=792"},"modified":"2006-05-13T21:36:13","modified_gmt":"2006-05-13T21:36:13","slug":"manifestarse_no_es_esttico","status":"publish","type":"post","link":"https:\/\/junjan.org\/wordpress\/2006\/05\/manifestarse_no_es_esttico\/","title":{"rendered":"Manifestarse no es est\u00e9tico"},"content":{"rendered":"<p>\u00abEl Govern ilegaliza todas las manifestaciones en Barcelona de los trabajadores en huelga de Mercadona\u00bb:http:\/\/www.kaosenlared.net\/noticia.php?id_noticia=18366<\/p>\n<blockquote><p>\u00abLa Direcci\u00f3n General de Seguretat Ciudadana de la Generalitat de Catalunya mediante el Director General, Jordi Sams\u00f3 i Huerta, notific\u00f3 a CNT ayer que los trabajadores en huelga de Mercadona no podr\u00e1n manifestarse mas en Barcelona, sin aportar ninguna justificaci\u00f3n ni alternativas con otros itinerarios. Trabajadores y sindicato intentar\u00e1n hoy hacer uso a ese derecho pese a la amenaza de una \u00abm\u00e1s que posible carga policial\u00bb\n<\/p><\/blockquote>\n<p>El mensaje es claro. Se puede bloquear la ciudad celebrando victorias futboleras, pero manifestarse contra la explotaci\u00f3n de inmigrantes por el empresariado local es otra cosa.<br \/>\nSi se pusieran camisetas del bar\u00e7a e intercalaran un \u00abVisca el Bar\u00e7a\u00bb entre cada tres consignas, los mossos no tendr\u00edan nada que objetar&#8230;<br \/>\nVer:<br \/>\n\u00ac \u00abEl derecho de manifestaci\u00f3n: un derecho cada vez mas limitado\u00bb:http:\/\/www.nodo50.org\/defensajuridica\/article.php3?id_article=6<\/p>\n","protected":false},"excerpt":{"rendered":"<p>\u00abEl Govern ilegaliza todas las manifestaciones en Barcelona de los trabajadores en huelga de Mercadona\u00bb:http:\/\/www.kaosenlared.net\/noticia.php?id_noticia=18366 \u00abLa Direcci\u00f3n General de Seguretat Ciudadana de la Generalitat de Catalunya mediante el Director General, Jordi Sams\u00f3 i Huerta, notific\u00f3 a CNT ayer que los trabajadores en huelga de Mercadona no podr\u00e1n manifestarse mas en Barcelona, sin aportar ninguna justificaci\u00f3n&hellip;&nbsp;<a href=\"https:\/\/junjan.org\/wordpress\/2006\/05\/manifestarse_no_es_esttico\/\" rel=\"bookmark\">Leer m\u00e1s &raquo;<span class=\"screen-reader-text\">Manifestarse no es est\u00e9tico<\/span><\/a><\/p>\n","protected":false},"author":1,"featured_media":0,"comment_status":"open","ping_status":"open","sticky":false,"template":"","format":"standard","meta":{"neve_meta_sidebar":"","neve_meta_container":"","neve_meta_enable_content_width":"","neve_meta_content_width":0,"neve_meta_title_alignment":"","neve_meta_author_avatar":"","neve_post_elements_order":"","neve_meta_disable_header":"","neve_meta_disable_footer":"","neve_meta_disable_title":"","footnotes":""},"categories":[5],"tags":[223],"class_list":["post-792","post","type-post","status-publish","format-standard","hentry","category-actualidad","tag-mercadona-generalitat-cnt-sindicatos"],"_links":{"self":[{"href":"https:\/\/junjan.org\/wordpress\/wp-json\/wp\/v2\/posts\/792","targetHints":{"allow":["GET"]}}],"collection":[{"href":"https:\/\/junjan.org\/wordpress\/wp-json\/wp\/v2\/posts"}],"about":[{"href":"https:\/\/junjan.org\/wordpress\/wp-json\/wp\/v2\/types\/post"}],"author":[{"embeddable":true,"href":"https:\/\/junjan.org\/wordpress\/wp-json\/wp\/v2\/users\/1"}],"replies":[{"embeddable":true,"href":"https:\/\/junjan.org\/wordpress\/wp-json\/wp\/v2\/comments?post=792"}],"version-history":[{"count":0,"href":"https:\/\/junjan.org\/wordpress\/wp-json\/wp\/v2\/posts\/792\/revisions"}],"wp:attachment":[{"href":"https:\/\/junjan.org\/wordpress\/wp-json\/wp\/v2\/media?parent=792"}],"wp:term":[{"taxonomy":"category","embeddable":true,"href":"https:\/\/junjan.org\/wordpress\/wp-json\/wp\/v2\/categories?post=792"},{"taxonomy":"post_tag","embeddable":true,"href":"https:\/\/junjan.org\/wordpress\/wp-json\/wp\/v2\/tags?post=792"}],"curies":[{"name":"wp","href":"https:\/\/api.w.org\/{rel}","templated":true}]}}