{"id":795,"date":"2006-06-07T00:26:15","date_gmt":"2006-06-06T22:26:15","guid":{"rendered":"http:\/\/junjan.org\/wordpress\/?p=795"},"modified":"2012-07-20T12:27:13","modified_gmt":"2012-07-20T10:27:13","slug":"ciencia_para_qu","status":"publish","type":"post","link":"https:\/\/junjan.org\/wordpress\/2006\/06\/ciencia_para_qu\/","title":{"rendered":"Ciencia, \u00bfPara qu\u00e9?"},"content":{"rendered":"<p>Que la ciencia en Espa\u00f1a no es una prioridad de estado es algo que no tiene duda posible. Salvo operaciones de maquillaje pol\u00edtico en forma de centros de investigaci\u00f3n para inaugurar entre timbales y discursos floridos, el problema de fondo sigue inc\u00f3lume, intocado e inexplorado por los gobiernos de distinto signo. La ausencia de una carrera cient\u00edfica que merezca tal nombre, la endogamia y el amiguismo que anida en las universidades y el CSIC, el presupuesto irrisorio (tanto p\u00fablico como privado) en investigaci\u00f3n y desarrollo, el desperdicio de decenas de miles de investigadores que tienen que dejar de hacer ciencia por falta de expectativas&#8230; Y un largu\u00edsmo etcetera.<br \/>\nUna de las operaciones maquilladoras que m\u00e1s momentos de gloria dio a nuestros pol\u00edticos es el programa \u201cRam\u00f3n y Cajal\u201d, un sistema de contratos quinquenales que se vendi\u00f3 como la panacea para frenar la famosa \u201cfuga de cerebros\u201d y traer de vuelta al suelo patrio a los cient\u00edficos espa\u00f1oles en el extranjero.<br \/>\nComo todo plan de maquillaje sin una pol\u00edtica seria de fondo, ha pasado de sue\u00f1o a pesadilla. Se acaban los contratos de los primeros \u201ccajales\u201d y muchos de ellos tienen, otra vez, y ante la ausencia de oportunidades en su pa\u00eds, que volver al extranjero a hacer lo que saben o quedarse en Espa\u00f1a y cambiar de empleo.<br \/>\nUno de \u00e9stos casos ha llegado a las p\u00e1ginas de el El Pa\u00eds, \u00ab<a href=\"http:\/\/www.elpais.es\/articulo\/sociedad\/despido\/harta\/ser\/problema\/elpporsoc\/20060604elpepisoc_1\/Tes\/\" target=\"_blank\">Me despido, harta de ser un problema<\/a>\u00ab:<\/p>\n<blockquote><p>\u00ab\u00bbMe marcho a los Estados Unidos. Tengo all\u00ed un tenure track [puesto que se convierte en permanente si la evaluaci\u00f3n del candidato es positiva], o sea, lo que nos prometieron aqu\u00ed hace cinco a\u00f1os, y me dan dinero para investigar (m\u00e1s para dos a\u00f1os del que se da aqu\u00ed para un grupo de cinco personas en tres a\u00f1os), dos laboratorios y la posibilidad de tener estudiantes. (&#8230;) La permanencia me la podr\u00e1n conceder antes de los cinco a\u00f1os, en consideraci\u00f3n a mi curr\u00edculum v\u00edtae\u00bb. As\u00ed empezaba la carta de Contel.<br \/>\n(&#8230;)<br \/>\nCon un contrato a punto de acabar y sin una acci\u00f3n clara por parte de la Universidad de Zaragoza respecto al futuro de sus cajales, Contel opt\u00f3 por buscar fuera, y le fue bien. Finalmente, su universidad s\u00ed estabilizar\u00e1 a sus cajales, pero para Contel la decisi\u00f3n ya estaba tomada. \u00abAqu\u00ed parece que tenemos que dar las gracias por trabajar. Nosotros hemos sido evaluados como m\u00ednimo tres veces en cuatro a\u00f1os, y no puedes tener a gente constantemente preocupada por buscar plaza en el mejor momento de su carrera cient\u00edfica. Tengo ganas de dedicar mis energ\u00edas a investigar. Y estoy cansada de o\u00edr que somos un problema, en vez de un potencial humano con un gran curr\u00edculo\u00bb.\u00bb<\/p><\/blockquote>\n<p>Un testimonio entre miles.<\/p>\n","protected":false},"excerpt":{"rendered":"<p>Que la ciencia en Espa\u00f1a no es una prioridad de estado es algo que no tiene duda posible. Salvo operaciones de maquillaje pol\u00edtico en forma de centros de investigaci\u00f3n para inaugurar entre timbales y discursos floridos, el problema de fondo sigue inc\u00f3lume, intocado e inexplorado por los gobiernos de distinto signo. La ausencia de una&hellip;&nbsp;<a href=\"https:\/\/junjan.org\/wordpress\/2006\/06\/ciencia_para_qu\/\" rel=\"bookmark\">Leer m\u00e1s &raquo;<span class=\"screen-reader-text\">Ciencia, \u00bfPara qu\u00e9?<\/span><\/a><\/p>\n","protected":false},"author":1,"featured_media":0,"comment_status":"open","ping_status":"open","sticky":false,"template":"","format":"standard","meta":{"neve_meta_sidebar":"","neve_meta_container":"","neve_meta_enable_content_width":"","neve_meta_content_width":0,"neve_meta_title_alignment":"","neve_meta_author_avatar":"","neve_post_elements_order":"","neve_meta_disable_header":"","neve_meta_disable_footer":"","neve_meta_disable_title":"","footnotes":""},"categories":[43],"tags":[214,571,570],"class_list":["post-795","post","type-post","status-publish","format-standard","hentry","category-ciencia","tag-ciencia-2","tag-endogamia","tag-ramon-y-cajal"],"_links":{"self":[{"href":"https:\/\/junjan.org\/wordpress\/wp-json\/wp\/v2\/posts\/795","targetHints":{"allow":["GET"]}}],"collection":[{"href":"https:\/\/junjan.org\/wordpress\/wp-json\/wp\/v2\/posts"}],"about":[{"href":"https:\/\/junjan.org\/wordpress\/wp-json\/wp\/v2\/types\/post"}],"author":[{"embeddable":true,"href":"https:\/\/junjan.org\/wordpress\/wp-json\/wp\/v2\/users\/1"}],"replies":[{"embeddable":true,"href":"https:\/\/junjan.org\/wordpress\/wp-json\/wp\/v2\/comments?post=795"}],"version-history":[{"count":3,"href":"https:\/\/junjan.org\/wordpress\/wp-json\/wp\/v2\/posts\/795\/revisions"}],"predecessor-version":[{"id":2136,"href":"https:\/\/junjan.org\/wordpress\/wp-json\/wp\/v2\/posts\/795\/revisions\/2136"}],"wp:attachment":[{"href":"https:\/\/junjan.org\/wordpress\/wp-json\/wp\/v2\/media?parent=795"}],"wp:term":[{"taxonomy":"category","embeddable":true,"href":"https:\/\/junjan.org\/wordpress\/wp-json\/wp\/v2\/categories?post=795"},{"taxonomy":"post_tag","embeddable":true,"href":"https:\/\/junjan.org\/wordpress\/wp-json\/wp\/v2\/tags?post=795"}],"curies":[{"name":"wp","href":"https:\/\/api.w.org\/{rel}","templated":true}]}}