{"id":797,"date":"2006-06-17T12:56:26","date_gmt":"2006-06-17T12:56:26","guid":{"rendered":"http:\/\/junjan.org\/wordpress\/?p=797"},"modified":"2006-06-17T12:56:26","modified_gmt":"2006-06-17T12:56:26","slug":"vivienda_digna_2_de_julio","status":"publish","type":"post","link":"https:\/\/junjan.org\/wordpress\/2006\/06\/vivienda_digna_2_de_julio\/","title":{"rendered":"Vivienda digna: 2 de Julio"},"content":{"rendered":"<blockquote><p>El 14 de Marzo hubo una macro-manifestaci\u00f3n de miles de personas en toda espa\u00f1a, de gente convocada por cadenas de emails de forma espont\u00e1nea. Estamos viendo como sube el precio de las hipotecas, pero los sueldos contin\u00faan igual y cada vez la cosa pinta peor. \u00bfPor qu\u00e9 que la vivienda se est\u00e1 convirtiendo en un lujo cuando es un derecho fundamental? Es necesario frenar esta situaci\u00f3n \u00bfTe vas a quedar sin hacer nada? \u00a1\u00daNETE O EL PR\u00d3XIMO MUNDIAL TAMBI\u00c9N LO VER\u00c1S EN CASA DE TUS PADRES!<br \/>\nEL DOMINGO 2 DE JULIO habr\u00e1 una concentraci\u00f3n, EN TODA ESPA\u00d1A y ser\u00e1 MACRO, legalizada, y para &#8216;j\u00f3venes&#8217; de 120 a 0 a\u00f1os. Porque tus padres tambi\u00e9n siguen pagando la hipoteca, y para que tus nietos no tengan que continuar pagando tu hipoteca:<br \/>\nTODO EL MUNDO, EL 2 DE JULIO<br \/>\nCiudades, recorrido y hora:<br \/>\n* MADRID, Puerta del Sol-Plaza de la Villa-Senado, 12 HORAS<br \/>\n* BARCELONA, Plaza Catalunya -Plaza Sant Jaume, 19 HORAS<br \/>\n* SEVILLA, recorrido por confirmar (pronto ver\u00e9is carteles), 20 HORAS<br \/>\nTr\u00e1ete algo de comer y beber porque al final de la mani habr\u00e1 merendola\/comilona.Avisa a tus hermanos\/as, padres y madres, t\u00edos, hijos, abuelos, niet@s&#8230; \u00a1Ese d\u00eda tenemos una cita todos!<br \/>\nEsta convocatoria no ha sido convocada por ning\u00fan partido pol\u00edtico, simplemente es la demostraci\u00f3n de como los\/las espa\u00f1oles pueden unirse para conseguir sus prop\u00f3sitos.<br \/>\nPOR UNA VIVIENDA DIGNA, DIFUNDE ESTE MENSAJE, \u00a1\u00a1PASALO!! <\/p><\/blockquote>\n<p>\u00abVivienda Digna\u00bb:http:\/\/viviendadigna.es\/<\/p>\n","protected":false},"excerpt":{"rendered":"<p>El 14 de Marzo hubo una macro-manifestaci\u00f3n de miles de personas en toda espa\u00f1a, de gente convocada por cadenas de emails de forma espont\u00e1nea. Estamos viendo como sube el precio de las hipotecas, pero los sueldos contin\u00faan igual y cada vez la cosa pinta peor. \u00bfPor qu\u00e9 que la vivienda se est\u00e1 convirtiendo en un&hellip;&nbsp;<a href=\"https:\/\/junjan.org\/wordpress\/2006\/06\/vivienda_digna_2_de_julio\/\" rel=\"bookmark\">Leer m\u00e1s &raquo;<span class=\"screen-reader-text\">Vivienda digna: 2 de Julio<\/span><\/a><\/p>\n","protected":false},"author":1,"featured_media":0,"comment_status":"open","ping_status":"open","sticky":false,"template":"","format":"standard","meta":{"neve_meta_sidebar":"","neve_meta_container":"","neve_meta_enable_content_width":"","neve_meta_content_width":0,"neve_meta_title_alignment":"","neve_meta_author_avatar":"","neve_post_elements_order":"","neve_meta_disable_header":"","neve_meta_disable_footer":"","neve_meta_disable_title":"","footnotes":""},"categories":[5],"tags":[227],"class_list":["post-797","post","type-post","status-publish","format-standard","hentry","category-actualidad","tag-vivienda-especulacion-inmobiliaria"],"_links":{"self":[{"href":"https:\/\/junjan.org\/wordpress\/wp-json\/wp\/v2\/posts\/797","targetHints":{"allow":["GET"]}}],"collection":[{"href":"https:\/\/junjan.org\/wordpress\/wp-json\/wp\/v2\/posts"}],"about":[{"href":"https:\/\/junjan.org\/wordpress\/wp-json\/wp\/v2\/types\/post"}],"author":[{"embeddable":true,"href":"https:\/\/junjan.org\/wordpress\/wp-json\/wp\/v2\/users\/1"}],"replies":[{"embeddable":true,"href":"https:\/\/junjan.org\/wordpress\/wp-json\/wp\/v2\/comments?post=797"}],"version-history":[{"count":0,"href":"https:\/\/junjan.org\/wordpress\/wp-json\/wp\/v2\/posts\/797\/revisions"}],"wp:attachment":[{"href":"https:\/\/junjan.org\/wordpress\/wp-json\/wp\/v2\/media?parent=797"}],"wp:term":[{"taxonomy":"category","embeddable":true,"href":"https:\/\/junjan.org\/wordpress\/wp-json\/wp\/v2\/categories?post=797"},{"taxonomy":"post_tag","embeddable":true,"href":"https:\/\/junjan.org\/wordpress\/wp-json\/wp\/v2\/tags?post=797"}],"curies":[{"name":"wp","href":"https:\/\/api.w.org\/{rel}","templated":true}]}}