{"id":801,"date":"2006-07-04T00:59:05","date_gmt":"2006-07-04T00:59:05","guid":{"rendered":"http:\/\/junjan.org\/wordpress\/?p=801"},"modified":"2006-07-04T00:59:05","modified_gmt":"2006-07-04T00:59:05","slug":"amnar_a_la_patria","status":"publish","type":"post","link":"https:\/\/junjan.org\/wordpress\/2006\/07\/amnar_a_la_patria\/","title":{"rendered":"Amar a la patria"},"content":{"rendered":"<blockquote><p>\n\u00abA todos nos tienen preocupados, y en cierto modo expectantes, las conversaciones con ETA anunciadas por el presidente del Gobierno, (que Dios) nos ayude a todos en esta situaci\u00f3n.<br \/>\n(Hay que) amar a la Patria y rezar por ella. Esto no es entrar en pol\u00edtica alguna y menos de partido, (rezar por Espa\u00f1a es) un deber de caridad y ojal\u00e1 que, mientras dure esta situaci\u00f3n, todos oremos insistentemente por las gentes, por los pueblos y las instituciones democr\u00e1ticas de Espa\u00f1a\u00bb\n<\/p><\/blockquote>\n<p>Antonio Ca\u00f1izares (Arzobispo de Toledo) tras ser iluminado por el esp\u00edritu santo&#8230;<\/p>\n","protected":false},"excerpt":{"rendered":"<p>\u00abA todos nos tienen preocupados, y en cierto modo expectantes, las conversaciones con ETA anunciadas por el presidente del Gobierno, (que Dios) nos ayude a todos en esta situaci\u00f3n. (Hay que) amar a la Patria y rezar por ella. Esto no es entrar en pol\u00edtica alguna y menos de partido, (rezar por Espa\u00f1a es) un&hellip;&nbsp;<a href=\"https:\/\/junjan.org\/wordpress\/2006\/07\/amnar_a_la_patria\/\" rel=\"bookmark\">Leer m\u00e1s &raquo;<span class=\"screen-reader-text\">Amar a la patria<\/span><\/a><\/p>\n","protected":false},"author":1,"featured_media":0,"comment_status":"open","ping_status":"open","sticky":false,"template":"","format":"standard","meta":{"neve_meta_sidebar":"","neve_meta_container":"","neve_meta_enable_content_width":"","neve_meta_content_width":0,"neve_meta_title_alignment":"","neve_meta_author_avatar":"","neve_post_elements_order":"","neve_meta_disable_header":"","neve_meta_disable_footer":"","neve_meta_disable_title":"","footnotes":""},"categories":[32],"tags":[231],"class_list":["post-801","post","type-post","status-publish","format-standard","hentry","category-frases","tag-iglesia-conferencia-episcopal-franquista"],"_links":{"self":[{"href":"https:\/\/junjan.org\/wordpress\/wp-json\/wp\/v2\/posts\/801","targetHints":{"allow":["GET"]}}],"collection":[{"href":"https:\/\/junjan.org\/wordpress\/wp-json\/wp\/v2\/posts"}],"about":[{"href":"https:\/\/junjan.org\/wordpress\/wp-json\/wp\/v2\/types\/post"}],"author":[{"embeddable":true,"href":"https:\/\/junjan.org\/wordpress\/wp-json\/wp\/v2\/users\/1"}],"replies":[{"embeddable":true,"href":"https:\/\/junjan.org\/wordpress\/wp-json\/wp\/v2\/comments?post=801"}],"version-history":[{"count":0,"href":"https:\/\/junjan.org\/wordpress\/wp-json\/wp\/v2\/posts\/801\/revisions"}],"wp:attachment":[{"href":"https:\/\/junjan.org\/wordpress\/wp-json\/wp\/v2\/media?parent=801"}],"wp:term":[{"taxonomy":"category","embeddable":true,"href":"https:\/\/junjan.org\/wordpress\/wp-json\/wp\/v2\/categories?post=801"},{"taxonomy":"post_tag","embeddable":true,"href":"https:\/\/junjan.org\/wordpress\/wp-json\/wp\/v2\/tags?post=801"}],"curies":[{"name":"wp","href":"https:\/\/api.w.org\/{rel}","templated":true}]}}