{"id":802,"date":"2006-07-04T01:05:10","date_gmt":"2006-07-04T01:05:10","guid":{"rendered":"http:\/\/junjan.org\/wordpress\/?p=802"},"modified":"2006-07-04T01:05:10","modified_gmt":"2006-07-04T01:05:10","slug":"la_visita_del_papa","status":"publish","type":"post","link":"https:\/\/junjan.org\/wordpress\/2006\/07\/la_visita_del_papa\/","title":{"rendered":"La visita del Papa"},"content":{"rendered":"<p>&#8211;Gracias Luis&#8211;<\/p>\n<blockquote><p>\n\u00abLa visita del Papa mucha pol\u00e9mica levanto,<br \/>\npor lo cara que costo.<br \/>\ny por el tiempo que se llevaba en televisi\u00f3n.<br \/>\nCuarenta millones en guardaespaldas<br \/>\nque de dinero cobran los \u00e1ngeles de la guarda.<br \/>\nSe pasaron nueve diitas papeando los capillitas.<br \/>\nPor eso no me extra\u00f1a que hubiera gente en el aeropuerto<br \/>\ncon una pancarta que dec\u00eda \u00abTe despedimos con TOTUS TUUS\u00bb&#8230;\u00bb\n<\/p><\/blockquote>\n<p>MUERTOS<br \/>\nYa lo dec\u00edan en 1983, \u00abLos Cegatos con Botas\u00bb, en el carnaval de Cadiz. Todo sigue casi igual&#8230;<\/p>\n","protected":false},"excerpt":{"rendered":"<p>&#8211;Gracias Luis&#8211; \u00abLa visita del Papa mucha pol\u00e9mica levanto, por lo cara que costo. y por el tiempo que se llevaba en televisi\u00f3n. Cuarenta millones en guardaespaldas que de dinero cobran los \u00e1ngeles de la guarda. Se pasaron nueve diitas papeando los capillitas. Por eso no me extra\u00f1a que hubiera gente en el aeropuerto con&hellip;&nbsp;<a href=\"https:\/\/junjan.org\/wordpress\/2006\/07\/la_visita_del_papa\/\" rel=\"bookmark\">Leer m\u00e1s &raquo;<span class=\"screen-reader-text\">La visita del Papa<\/span><\/a><\/p>\n","protected":false},"author":1,"featured_media":0,"comment_status":"open","ping_status":"open","sticky":false,"template":"","format":"standard","meta":{"neve_meta_sidebar":"","neve_meta_container":"","neve_meta_enable_content_width":"","neve_meta_content_width":0,"neve_meta_title_alignment":"","neve_meta_author_avatar":"","neve_post_elements_order":"","neve_meta_disable_header":"","neve_meta_disable_footer":"","neve_meta_disable_title":"","footnotes":""},"categories":[5],"tags":[232],"class_list":["post-802","post","type-post","status-publish","format-standard","hentry","category-actualidad","tag-papa-benito-benedicto-visita"],"_links":{"self":[{"href":"https:\/\/junjan.org\/wordpress\/wp-json\/wp\/v2\/posts\/802","targetHints":{"allow":["GET"]}}],"collection":[{"href":"https:\/\/junjan.org\/wordpress\/wp-json\/wp\/v2\/posts"}],"about":[{"href":"https:\/\/junjan.org\/wordpress\/wp-json\/wp\/v2\/types\/post"}],"author":[{"embeddable":true,"href":"https:\/\/junjan.org\/wordpress\/wp-json\/wp\/v2\/users\/1"}],"replies":[{"embeddable":true,"href":"https:\/\/junjan.org\/wordpress\/wp-json\/wp\/v2\/comments?post=802"}],"version-history":[{"count":0,"href":"https:\/\/junjan.org\/wordpress\/wp-json\/wp\/v2\/posts\/802\/revisions"}],"wp:attachment":[{"href":"https:\/\/junjan.org\/wordpress\/wp-json\/wp\/v2\/media?parent=802"}],"wp:term":[{"taxonomy":"category","embeddable":true,"href":"https:\/\/junjan.org\/wordpress\/wp-json\/wp\/v2\/categories?post=802"},{"taxonomy":"post_tag","embeddable":true,"href":"https:\/\/junjan.org\/wordpress\/wp-json\/wp\/v2\/tags?post=802"}],"curies":[{"name":"wp","href":"https:\/\/api.w.org\/{rel}","templated":true}]}}