{"id":803,"date":"2006-07-07T00:42:38","date_gmt":"2006-07-07T00:42:38","guid":{"rendered":"http:\/\/junjan.org\/wordpress\/?p=803"},"modified":"2006-07-07T00:42:38","modified_gmt":"2006-07-07T00:42:38","slug":"pp","status":"publish","type":"post","link":"https:\/\/junjan.org\/wordpress\/2006\/07\/pp\/","title":{"rendered":"Filofranquistas"},"content":{"rendered":"<p>Y el PP europeo no ha condenado el golpe de estado, la dictadura y la represi\u00f3n franquistas en una reciente propuesta del [\u00abparlamento europeo\u00bb:http:\/\/www.europarl.europa.eu\/news\/expert\/infopress_page\/008-9472-185-07-27-901-20060628IPR09332-04-07-2006-2006-false\/default_es.htm]. No deja de ser parad\u00f3jico en pol\u00edticos con una tendencia casi patol\u00f3gica a incluir las grandes dictaduras de la historia en sus discursos &#8213;estragado estoy de o\u00edr  referencias a Stalin, Mao o Pol Pot&#8213; loando el liberalismo Reaganiano. Por lo visto condenar a Stalin \u201cmola\u201d &#8213;es tan chupi-liberal&#8213;, pero condenar a Franco es algo \u201canacr\u00f3nico y revisionista\u201d.<br \/>\nPuedo entender tama\u00f1a postura en el PP espa\u00f1ol, atrincherado en las teor\u00edas Moistas y Vidalistas, pero que el PP europeo se contagie y trague resulta bastante pat\u00e9tico. M\u00e1s a\u00fan cuando un parlamentario ultraderechista polaco &#8213;captando la idea subyacente en la negativa del PP europeo&#8213; se puso a loar las bondades del franquismo y les sac\u00f3 los colores a todos. Dijo el pedazo de cafre:<\/p>\n<blockquote><p>\u00abEn Espa\u00f1a se luch\u00f3 contra un Gobierno comunista\u00bb. \u00abGracias a la Iglesia, al Ej\u00e9rcito y a Franco, el ataque comunista contra la Espa\u00f1a cat\u00f3lica se pudo superar y se consigui\u00f3 mantener los valores tradicionales\u00bb.<\/p><\/blockquote>\n<p>Impagable.<\/p>\n","protected":false},"excerpt":{"rendered":"<p>Y el PP europeo no ha condenado el golpe de estado, la dictadura y la represi\u00f3n franquistas en una reciente propuesta del [\u00abparlamento europeo\u00bb:http:\/\/www.europarl.europa.eu\/news\/expert\/infopress_page\/008-9472-185-07-27-901-20060628IPR09332-04-07-2006-2006-false\/default_es.htm]. No deja de ser parad\u00f3jico en pol\u00edticos con una tendencia casi patol\u00f3gica a incluir las grandes dictaduras de la historia en sus discursos &#8213;estragado estoy de o\u00edr referencias a Stalin, Mao&hellip;&nbsp;<a href=\"https:\/\/junjan.org\/wordpress\/2006\/07\/pp\/\" rel=\"bookmark\">Leer m\u00e1s &raquo;<span class=\"screen-reader-text\">Filofranquistas<\/span><\/a><\/p>\n","protected":false},"author":1,"featured_media":0,"comment_status":"open","ping_status":"open","sticky":false,"template":"","format":"standard","meta":{"neve_meta_sidebar":"","neve_meta_container":"","neve_meta_enable_content_width":"","neve_meta_content_width":0,"neve_meta_title_alignment":"","neve_meta_author_avatar":"","neve_post_elements_order":"","neve_meta_disable_header":"","neve_meta_disable_footer":"","neve_meta_disable_title":"","footnotes":""},"categories":[84],"tags":[233],"class_list":["post-803","post","type-post","status-publish","format-standard","hentry","category-divagaciones","tag-franquismo-franco-pp"],"_links":{"self":[{"href":"https:\/\/junjan.org\/wordpress\/wp-json\/wp\/v2\/posts\/803","targetHints":{"allow":["GET"]}}],"collection":[{"href":"https:\/\/junjan.org\/wordpress\/wp-json\/wp\/v2\/posts"}],"about":[{"href":"https:\/\/junjan.org\/wordpress\/wp-json\/wp\/v2\/types\/post"}],"author":[{"embeddable":true,"href":"https:\/\/junjan.org\/wordpress\/wp-json\/wp\/v2\/users\/1"}],"replies":[{"embeddable":true,"href":"https:\/\/junjan.org\/wordpress\/wp-json\/wp\/v2\/comments?post=803"}],"version-history":[{"count":0,"href":"https:\/\/junjan.org\/wordpress\/wp-json\/wp\/v2\/posts\/803\/revisions"}],"wp:attachment":[{"href":"https:\/\/junjan.org\/wordpress\/wp-json\/wp\/v2\/media?parent=803"}],"wp:term":[{"taxonomy":"category","embeddable":true,"href":"https:\/\/junjan.org\/wordpress\/wp-json\/wp\/v2\/categories?post=803"},{"taxonomy":"post_tag","embeddable":true,"href":"https:\/\/junjan.org\/wordpress\/wp-json\/wp\/v2\/tags?post=803"}],"curies":[{"name":"wp","href":"https:\/\/api.w.org\/{rel}","templated":true}]}}