{"id":804,"date":"2006-07-08T20:20:12","date_gmt":"2006-07-08T20:20:12","guid":{"rendered":"http:\/\/junjan.org\/wordpress\/?p=804"},"modified":"2006-07-08T20:20:12","modified_gmt":"2006-07-08T20:20:12","slug":"ms_de_lo_mismo","status":"publish","type":"post","link":"https:\/\/junjan.org\/wordpress\/2006\/07\/ms_de_lo_mismo\/","title":{"rendered":"M\u00e1s de lo mismo&#8230;"},"content":{"rendered":"<p>Dice Benito:<\/p>\n<blockquote><p>\u00abEl motivo de esta esperada visita es participar en el V Encuentro Mundial de las Familias, cuyo tema es \u201cLa transmisi\u00f3n de la fe en la familia\u201d. Mi deseo es proponer el papel central, para la Iglesia y la sociedad, que tiene la familia fundada en el matrimonio. \u00c9sta es una instituci\u00f3n insustituible seg\u00fan los planes de Dios, y cuyo valor fundamental la Iglesia no puede dejar de anunciar y promover, para que sea vivido siempre con sentido de responsabilidad y alegr\u00eda.\u00bb<\/p><\/blockquote>\n<p>Dec\u00eda Carolo:<\/p>\n<blockquote><p>\u00abQueridas familias, en un sistema democr\u00e1tico es fundamental manifestar las razones que motivan la defensa de la familia fundada en el matrimonio, la cual es la fuente principal de esperanza para el futuro de la humanidad, como expresa muy bien la segunda parte del tema elegido para este encuentro. As\u00ed pues, esperamos que las personas, las comunidades y los sujetos sociales crean cada vez m\u00e1s en la familia fundada en el matrimonio, lugar de amor y solidaridad aut\u00e9ntica.\u00bb<\/p><\/blockquote>\n<p>Pues me la pela su definici\u00f3n de familia oiga.<\/p>\n","protected":false},"excerpt":{"rendered":"<p>Dice Benito: \u00abEl motivo de esta esperada visita es participar en el V Encuentro Mundial de las Familias, cuyo tema es \u201cLa transmisi\u00f3n de la fe en la familia\u201d. Mi deseo es proponer el papel central, para la Iglesia y la sociedad, que tiene la familia fundada en el matrimonio. \u00c9sta es una instituci\u00f3n insustituible&hellip;&nbsp;<a href=\"https:\/\/junjan.org\/wordpress\/2006\/07\/ms_de_lo_mismo\/\" rel=\"bookmark\">Leer m\u00e1s &raquo;<span class=\"screen-reader-text\">M\u00e1s de lo mismo&#8230;<\/span><\/a><\/p>\n","protected":false},"author":1,"featured_media":0,"comment_status":"open","ping_status":"open","sticky":false,"template":"","format":"standard","meta":{"neve_meta_sidebar":"","neve_meta_container":"","neve_meta_enable_content_width":"","neve_meta_content_width":0,"neve_meta_title_alignment":"","neve_meta_author_avatar":"","neve_post_elements_order":"","neve_meta_disable_header":"","neve_meta_disable_footer":"","neve_meta_disable_title":"","footnotes":""},"categories":[5],"tags":[234],"class_list":["post-804","post","type-post","status-publish","format-standard","hentry","category-actualidad","tag-iglesia-papa-benito-obispos-familia"],"_links":{"self":[{"href":"https:\/\/junjan.org\/wordpress\/wp-json\/wp\/v2\/posts\/804","targetHints":{"allow":["GET"]}}],"collection":[{"href":"https:\/\/junjan.org\/wordpress\/wp-json\/wp\/v2\/posts"}],"about":[{"href":"https:\/\/junjan.org\/wordpress\/wp-json\/wp\/v2\/types\/post"}],"author":[{"embeddable":true,"href":"https:\/\/junjan.org\/wordpress\/wp-json\/wp\/v2\/users\/1"}],"replies":[{"embeddable":true,"href":"https:\/\/junjan.org\/wordpress\/wp-json\/wp\/v2\/comments?post=804"}],"version-history":[{"count":0,"href":"https:\/\/junjan.org\/wordpress\/wp-json\/wp\/v2\/posts\/804\/revisions"}],"wp:attachment":[{"href":"https:\/\/junjan.org\/wordpress\/wp-json\/wp\/v2\/media?parent=804"}],"wp:term":[{"taxonomy":"category","embeddable":true,"href":"https:\/\/junjan.org\/wordpress\/wp-json\/wp\/v2\/categories?post=804"},{"taxonomy":"post_tag","embeddable":true,"href":"https:\/\/junjan.org\/wordpress\/wp-json\/wp\/v2\/tags?post=804"}],"curies":[{"name":"wp","href":"https:\/\/api.w.org\/{rel}","templated":true}]}}