{"id":805,"date":"2006-07-08T21:05:40","date_gmt":"2006-07-08T21:05:40","guid":{"rendered":"http:\/\/junjan.org\/wordpress\/?p=805"},"modified":"2006-07-08T21:05:40","modified_gmt":"2006-07-08T21:05:40","slug":"con_flores_a_benito","status":"publish","type":"post","link":"https:\/\/junjan.org\/wordpress\/2006\/07\/con_flores_a_benito\/","title":{"rendered":"Con flores a Benito"},"content":{"rendered":"<p>Y el Papa rodeado de miles de obispos, curas, monjas, meapilas, cientos de miles de familias cristianas provenientes de toda la galaxia y de millones de miembros de HazteOir va a escuchar el \u201cpadre nuestro\u201d cantado por Montserrat Caball\u00e9. En un escenario que ya quisieran U2 o los Rolling cientos de an\u00f3nimos individuos desfilan para dar coba a Benito, falleras rodeadas de beat\u00edficos ni\u00f1os con flores, coros y orquestas.<br \/>\nTodos financiados por las arcas del estado. Esto s\u00ed que es liberalismo y lo dem\u00e1s son tonter\u00edas.<\/p>\n","protected":false},"excerpt":{"rendered":"<p>Y el Papa rodeado de miles de obispos, curas, monjas, meapilas, cientos de miles de familias cristianas provenientes de toda la galaxia y de millones de miembros de HazteOir va a escuchar el \u201cpadre nuestro\u201d cantado por Montserrat Caball\u00e9. En un escenario que ya quisieran U2 o los Rolling cientos de an\u00f3nimos individuos desfilan para&hellip;&nbsp;<a href=\"https:\/\/junjan.org\/wordpress\/2006\/07\/con_flores_a_benito\/\" rel=\"bookmark\">Leer m\u00e1s &raquo;<span class=\"screen-reader-text\">Con flores a Benito<\/span><\/a><\/p>\n","protected":false},"author":1,"featured_media":0,"comment_status":"open","ping_status":"open","sticky":false,"template":"","format":"standard","meta":{"neve_meta_sidebar":"","neve_meta_container":"","neve_meta_enable_content_width":"","neve_meta_content_width":0,"neve_meta_title_alignment":"","neve_meta_author_avatar":"","neve_post_elements_order":"","neve_meta_disable_header":"","neve_meta_disable_footer":"","neve_meta_disable_title":"","footnotes":""},"categories":[84],"tags":[235],"class_list":["post-805","post","type-post","status-publish","format-standard","hentry","category-divagaciones","tag-benito-papa-iglesia-obispos"],"_links":{"self":[{"href":"https:\/\/junjan.org\/wordpress\/wp-json\/wp\/v2\/posts\/805","targetHints":{"allow":["GET"]}}],"collection":[{"href":"https:\/\/junjan.org\/wordpress\/wp-json\/wp\/v2\/posts"}],"about":[{"href":"https:\/\/junjan.org\/wordpress\/wp-json\/wp\/v2\/types\/post"}],"author":[{"embeddable":true,"href":"https:\/\/junjan.org\/wordpress\/wp-json\/wp\/v2\/users\/1"}],"replies":[{"embeddable":true,"href":"https:\/\/junjan.org\/wordpress\/wp-json\/wp\/v2\/comments?post=805"}],"version-history":[{"count":0,"href":"https:\/\/junjan.org\/wordpress\/wp-json\/wp\/v2\/posts\/805\/revisions"}],"wp:attachment":[{"href":"https:\/\/junjan.org\/wordpress\/wp-json\/wp\/v2\/media?parent=805"}],"wp:term":[{"taxonomy":"category","embeddable":true,"href":"https:\/\/junjan.org\/wordpress\/wp-json\/wp\/v2\/categories?post=805"},{"taxonomy":"post_tag","embeddable":true,"href":"https:\/\/junjan.org\/wordpress\/wp-json\/wp\/v2\/tags?post=805"}],"curies":[{"name":"wp","href":"https:\/\/api.w.org\/{rel}","templated":true}]}}