{"id":808,"date":"2006-07-17T22:20:04","date_gmt":"2006-07-17T22:20:04","guid":{"rendered":"http:\/\/junjan.org\/wordpress\/?p=808"},"modified":"2006-07-17T22:20:04","modified_gmt":"2006-07-17T22:20:04","slug":"franquista_irredento","status":"publish","type":"post","link":"https:\/\/junjan.org\/wordpress\/2006\/07\/franquista_irredento\/","title":{"rendered":"Franquista irredento"},"content":{"rendered":"<p>El novelista especializado en ficci\u00f3n hist\u00f3rica Pio Moa ha escrito en su blog una \u00abcarta abierta al Consejo de Europa\u00bb:http:\/\/libertaddigital.es\/bitacora\/piomoa\/comentarios.php?id=1320 intentando avisar a sus representantes sobre la propaganda antifranquista del gobierno espa\u00f1ol. Dice Moa:<\/p>\n<blockquote><p>\u00abMe temo que la informaci\u00f3n que ustedes manejan sobre el 18 de julio proviene del gobierno espa\u00f1ol, liderado por un autoproclamado \u00abrojo\u00bb, el se\u00f1or Zapatero. Se trata b\u00e1sicamente de la propaganda elaborada por la Comintern comunista, reproducida desde los a\u00f1os 60 por historiadores de la misma ideolog\u00eda, como Tu\u00f1\u00f3n de Lara o Gabriel Jackson. Acerca de ella expresaba su indignaci\u00f3n otro de los m\u00e1s distinguidos intelectuales liberales espa\u00f1oles del siglo XX, el doctor Gregorio Mara\u00f1\u00f3n: \u00abEsa constante mentira comunista es lo m\u00e1s irritante de los rojos. Por no someterme a esa servidumbre est\u00fapida de la credulidad, es por lo que estoy contento de mi actitud\u00bb. El reconocido historiador brit\u00e1nico Paul Johnson ha se\u00f1alado la guerra de Espa\u00f1a como uno de los episodios del siglo XX sobre los que m\u00e1s se ha mentido. Creo que ustedes debieran imitar a Ortega y a Mara\u00f1\u00f3n, y precaverse contra esa \u00abconstante mentira comunista\u00bb, hoy nuevamente tan en boga.<br \/>\nSeg\u00fan esa propaganda, la guerra de Espa\u00f1a enfrent\u00f3 a la democracia y al fascismo. Pero si ustedes prestan atenci\u00f3n a los integrantes del Frente Popular y sus aliados, ver\u00e1n cu\u00e1n imposible es tal pretensi\u00f3n. Ni los anarquistas ni los comunistas ni los socialistas de entonces, en muchos aspectos m\u00e1s radicalizados que los comunistas, ten\u00edan nada de dem\u00f3cratas. Tampoco el racista Partido Nacionalista Vasco, ni los republicanos de izquierdas y nacionalistas catalanes, que hab\u00edan intentado golpes de estado nada m\u00e1s perder las elecciones democr\u00e1ticas del 1933. Y, en fin, como no pueden ignorar ustedes, aquel Frente Popular estuvo dirigido, m\u00e1s que protegido, por Stalin, a quien, supongo, nadie calificar\u00e1 en serio de dem\u00f3crata.\u00bb<\/p><\/blockquote>\n<p>Y sigue con una casi interminable lista de atrocidades cometidas por \u00ablos rojos\u00bb y se deduce, ya que no comenta nada al respecto, que Franco y sus seguidores lo \u00fanico que hicieron fue salvar al pa\u00eds de tama\u00f1a amenaza mientras tocaban la lira. Es normal que Pio Moa tome a sus lectores por idiotas &#8213;muchos deben serlo realmente&#8213; pero creo que se excede al pensar que los miembros del consejo de Europa vayan a tragar con semejantes ruedas de molino. No creo que les haga olvidar ni por un momento que el r\u00e9gimen nacionalcat\u00f3lico de Franco fue una dictadura atroz &#8213;apoyada por los nazis alemanes y los fascistas italianos&#8213; donde los abusos contra los derechos humanos fueron extensivos y sistem\u00e1ticos durante cuarenta a\u00f1os. No creo que vaya a enga\u00f1ar con su verborrea a los representantes de los pa\u00edses que sufrieron al Duce y a Hitler.<br \/>\nVayase usted a cagar.<\/p>\n","protected":false},"excerpt":{"rendered":"<p>El novelista especializado en ficci\u00f3n hist\u00f3rica Pio Moa ha escrito en su blog una \u00abcarta abierta al Consejo de Europa\u00bb:http:\/\/libertaddigital.es\/bitacora\/piomoa\/comentarios.php?id=1320 intentando avisar a sus representantes sobre la propaganda antifranquista del gobierno espa\u00f1ol. Dice Moa: \u00abMe temo que la informaci\u00f3n que ustedes manejan sobre el 18 de julio proviene del gobierno espa\u00f1ol, liderado por un autoproclamado&hellip;&nbsp;<a href=\"https:\/\/junjan.org\/wordpress\/2006\/07\/franquista_irredento\/\" rel=\"bookmark\">Leer m\u00e1s &raquo;<span class=\"screen-reader-text\">Franquista irredento<\/span><\/a><\/p>\n","protected":false},"author":1,"featured_media":0,"comment_status":"open","ping_status":"open","sticky":false,"template":"","format":"standard","meta":{"neve_meta_sidebar":"","neve_meta_container":"","neve_meta_enable_content_width":"","neve_meta_content_width":0,"neve_meta_title_alignment":"","neve_meta_author_avatar":"","neve_post_elements_order":"","neve_meta_disable_header":"","neve_meta_disable_footer":"","neve_meta_disable_title":"","footnotes":""},"categories":[9],"tags":[238],"class_list":["post-808","post","type-post","status-publish","format-standard","hentry","category-opinion","tag-pio-moa-franquista-filofranquistas-franco"],"_links":{"self":[{"href":"https:\/\/junjan.org\/wordpress\/wp-json\/wp\/v2\/posts\/808","targetHints":{"allow":["GET"]}}],"collection":[{"href":"https:\/\/junjan.org\/wordpress\/wp-json\/wp\/v2\/posts"}],"about":[{"href":"https:\/\/junjan.org\/wordpress\/wp-json\/wp\/v2\/types\/post"}],"author":[{"embeddable":true,"href":"https:\/\/junjan.org\/wordpress\/wp-json\/wp\/v2\/users\/1"}],"replies":[{"embeddable":true,"href":"https:\/\/junjan.org\/wordpress\/wp-json\/wp\/v2\/comments?post=808"}],"version-history":[{"count":0,"href":"https:\/\/junjan.org\/wordpress\/wp-json\/wp\/v2\/posts\/808\/revisions"}],"wp:attachment":[{"href":"https:\/\/junjan.org\/wordpress\/wp-json\/wp\/v2\/media?parent=808"}],"wp:term":[{"taxonomy":"category","embeddable":true,"href":"https:\/\/junjan.org\/wordpress\/wp-json\/wp\/v2\/categories?post=808"},{"taxonomy":"post_tag","embeddable":true,"href":"https:\/\/junjan.org\/wordpress\/wp-json\/wp\/v2\/tags?post=808"}],"curies":[{"name":"wp","href":"https:\/\/api.w.org\/{rel}","templated":true}]}}