{"id":809,"date":"2006-07-18T23:59:12","date_gmt":"2006-07-18T23:59:12","guid":{"rendered":"http:\/\/junjan.org\/wordpress\/?p=809"},"modified":"2006-07-18T23:59:12","modified_gmt":"2006-07-18T23:59:12","slug":"males_imaginarios","status":"publish","type":"post","link":"https:\/\/junjan.org\/wordpress\/2006\/07\/males_imaginarios\/","title":{"rendered":"Males imaginarios"},"content":{"rendered":"<p>\u00abEntrevista a Santiago Carrillo\u00bb:http:\/\/www.elpais.es\/articulo\/espana\/pais\/parece\/nada\/julio\/1936\/elpporesp\/20060718elpepinac_35\/Tes\/ en El Pa\u00eds:<\/p>\n<blockquote><p>\n\u00abP. \u00bfVe en la Espa\u00f1a actual alguna divisi\u00f3n comparable a las que precedieron a la guerra civil?<br \/>\nR. Observo que la derecha habla y se manifiesta de modo parecido a como lo hac\u00eda en v\u00edsperas del 18 de julio de 1936. <strong>La unidad de Espa\u00f1a que se rompe; se habla de persecuci\u00f3n a la Iglesia, se niega la legitimidad del Gobierno elegido democr\u00e1ticamente; ahora no se habla de la amenaza comunista, pero se denuncia a Zapatero como el representante de todos los males imaginarios<\/strong>. En aquel tiempo la derecha hac\u00eda eso mismo, fracasado ya el proyecto de Gil-Robles de conquistar el poder por la v\u00eda legal, pero entonces contaba con el golpe militar que se preparaba a ojos vistas. Hoy no se ve nada de eso y no entiendo por qu\u00e9 la derecha repite casi mim\u00e9ticamente lo que hizo la de 1936. Las empresas y los bancos ganan ahora mucho dinero, millones de espa\u00f1oles inundan las carreteras en busca de descanso; no hay grandes conflictos sociales, los cat\u00f3licos no s\u00f3lo practican tranquilamente su religi\u00f3n, sino que tienen ayuda econ\u00f3mica del Estado para su culto y sus escuelas. <strong>Hoy, este pa\u00eds no se parece para nada al de 1936.<\/strong>\u00bb\n<\/p><\/blockquote>\n","protected":false},"excerpt":{"rendered":"<p>\u00abEntrevista a Santiago Carrillo\u00bb:http:\/\/www.elpais.es\/articulo\/espana\/pais\/parece\/nada\/julio\/1936\/elpporesp\/20060718elpepinac_35\/Tes\/ en El Pa\u00eds: \u00abP. \u00bfVe en la Espa\u00f1a actual alguna divisi\u00f3n comparable a las que precedieron a la guerra civil? R. Observo que la derecha habla y se manifiesta de modo parecido a como lo hac\u00eda en v\u00edsperas del 18 de julio de 1936. La unidad de Espa\u00f1a que se rompe;&hellip;&nbsp;<a href=\"https:\/\/junjan.org\/wordpress\/2006\/07\/males_imaginarios\/\" rel=\"bookmark\">Leer m\u00e1s &raquo;<span class=\"screen-reader-text\">Males imaginarios<\/span><\/a><\/p>\n","protected":false},"author":1,"featured_media":0,"comment_status":"open","ping_status":"open","sticky":false,"template":"","format":"standard","meta":{"neve_meta_sidebar":"","neve_meta_container":"","neve_meta_enable_content_width":"","neve_meta_content_width":0,"neve_meta_title_alignment":"","neve_meta_author_avatar":"","neve_post_elements_order":"","neve_meta_disable_header":"","neve_meta_disable_footer":"","neve_meta_disable_title":"","footnotes":""},"categories":[84],"tags":[239],"class_list":["post-809","post","type-post","status-publish","format-standard","hentry","category-divagaciones","tag-santiago-carrillo-guerra-civil-pp-guerra-civil"],"_links":{"self":[{"href":"https:\/\/junjan.org\/wordpress\/wp-json\/wp\/v2\/posts\/809","targetHints":{"allow":["GET"]}}],"collection":[{"href":"https:\/\/junjan.org\/wordpress\/wp-json\/wp\/v2\/posts"}],"about":[{"href":"https:\/\/junjan.org\/wordpress\/wp-json\/wp\/v2\/types\/post"}],"author":[{"embeddable":true,"href":"https:\/\/junjan.org\/wordpress\/wp-json\/wp\/v2\/users\/1"}],"replies":[{"embeddable":true,"href":"https:\/\/junjan.org\/wordpress\/wp-json\/wp\/v2\/comments?post=809"}],"version-history":[{"count":0,"href":"https:\/\/junjan.org\/wordpress\/wp-json\/wp\/v2\/posts\/809\/revisions"}],"wp:attachment":[{"href":"https:\/\/junjan.org\/wordpress\/wp-json\/wp\/v2\/media?parent=809"}],"wp:term":[{"taxonomy":"category","embeddable":true,"href":"https:\/\/junjan.org\/wordpress\/wp-json\/wp\/v2\/categories?post=809"},{"taxonomy":"post_tag","embeddable":true,"href":"https:\/\/junjan.org\/wordpress\/wp-json\/wp\/v2\/tags?post=809"}],"curies":[{"name":"wp","href":"https:\/\/api.w.org\/{rel}","templated":true}]}}