{"id":811,"date":"2006-07-19T08:35:27","date_gmt":"2006-07-19T06:35:27","guid":{"rendered":"http:\/\/junjan.org\/wordpress\/?p=811"},"modified":"2011-05-24T23:11:07","modified_gmt":"2011-05-24T21:11:07","slug":"malditas_hemerotecas_1","status":"publish","type":"post","link":"https:\/\/junjan.org\/wordpress\/2006\/07\/malditas_hemerotecas_1\/","title":{"rendered":"Malditas hemerotecas"},"content":{"rendered":"<p>&#8211;Visto en [\u00abEscolar.net\u00bb:http:\/\/escolar.net\/]&#8211;<br \/>\n<a href=\"http:\/\/www.el-mundo.es\/elmundo\/1998\/noviembre\/22\/nacional\/manifestaciones.html\"><em>El Mundo Domingo, 22 de noviembre de 1998<\/em><\/a><br \/>\n\u00bfDe qu\u00e9 me suena?<\/p>\n<blockquote><p>\n\u00abDos manifestaciones han recordado el 20 de noviembre en las concentraciones convocadas en sendas plazas de Madrid por la Federaci\u00f3n Nacional de Ex Combatientes, en la plaza de Oriente, y la Alianza por la Unidad Nacional (AUN), liderada por Ricardo S\u00e1enz de Ynestrillas, en la de San Juan de la Cruz.<br \/>\nEn la plaza de Oriente, el presidente de Fuerza Nueva, Blas Pi\u00f1ar, afirm\u00f3 ante varios miles de manifestantes \u2014seg\u00fan fuentes de la organizaci\u00f3n\u2014 que la reacci\u00f3n del Gobierno ante la tregua de ETA es \u00abincongruente, cobarde y c\u00f3mplice\u00bb y <strong>llevar\u00e1 a la \u00abdisoluci\u00f3n y balcanizaci\u00f3n\u00bb de Espa\u00f1a.<\/strong><br \/>\nPi\u00f1ar sostuvo que la tregua anunciada por ETA es en realidad \u00abun ultim\u00e1tum de ETA contra Espa\u00f1a\u00bb y la negociaci\u00f3n emprendida por el Gobierno encierra \u00abuna contradicci\u00f3n con el esp\u00edritu de Ermua\u00bb.<br \/>\n(&#8230;)<br \/>\nLa reacci\u00f3n del Ejecutivo ante la tregua, dijo, est\u00e1 \u00abcontaminada de cobard\u00eda porque se anuncia que se va a rectificar la pol\u00edtica penitenciaria y a reformar el texto de la Constituci\u00f3n\u00bb y \u00abest\u00e1 impregnada de complicidad\u00bb, ya que \u00abEspa\u00f1a se va a transformar en un Estado Federal\u00bb.\u00bb\n<\/p><\/blockquote>\n<p>Nah&#8230; Ser\u00e1 casualidad&#8230;<\/p>\n","protected":false},"excerpt":{"rendered":"<p>&#8211;Visto en [\u00abEscolar.net\u00bb:http:\/\/escolar.net\/]&#8211; El Mundo Domingo, 22 de noviembre de 1998 \u00bfDe qu\u00e9 me suena? \u00abDos manifestaciones han recordado el 20 de noviembre en las concentraciones convocadas en sendas plazas de Madrid por la Federaci\u00f3n Nacional de Ex Combatientes, en la plaza de Oriente, y la Alianza por la Unidad Nacional (AUN), liderada por Ricardo&hellip;&nbsp;<a href=\"https:\/\/junjan.org\/wordpress\/2006\/07\/malditas_hemerotecas_1\/\" rel=\"bookmark\">Leer m\u00e1s &raquo;<span class=\"screen-reader-text\">Malditas hemerotecas<\/span><\/a><\/p>\n","protected":false},"author":1,"featured_media":0,"comment_status":"open","ping_status":"open","sticky":false,"template":"","format":"standard","meta":{"neve_meta_sidebar":"","neve_meta_container":"","neve_meta_enable_content_width":"","neve_meta_content_width":0,"neve_meta_title_alignment":"","neve_meta_author_avatar":"","neve_post_elements_order":"","neve_meta_disable_header":"","neve_meta_disable_footer":"","neve_meta_disable_title":"","footnotes":""},"categories":[8],"tags":[588,509,507,636],"class_list":["post-811","post","type-post","status-publish","format-standard","hentry","category-historia","tag-espana","tag-eta","tag-pp","tag-tregua"],"_links":{"self":[{"href":"https:\/\/junjan.org\/wordpress\/wp-json\/wp\/v2\/posts\/811","targetHints":{"allow":["GET"]}}],"collection":[{"href":"https:\/\/junjan.org\/wordpress\/wp-json\/wp\/v2\/posts"}],"about":[{"href":"https:\/\/junjan.org\/wordpress\/wp-json\/wp\/v2\/types\/post"}],"author":[{"embeddable":true,"href":"https:\/\/junjan.org\/wordpress\/wp-json\/wp\/v2\/users\/1"}],"replies":[{"embeddable":true,"href":"https:\/\/junjan.org\/wordpress\/wp-json\/wp\/v2\/comments?post=811"}],"version-history":[{"count":1,"href":"https:\/\/junjan.org\/wordpress\/wp-json\/wp\/v2\/posts\/811\/revisions"}],"predecessor-version":[{"id":1312,"href":"https:\/\/junjan.org\/wordpress\/wp-json\/wp\/v2\/posts\/811\/revisions\/1312"}],"wp:attachment":[{"href":"https:\/\/junjan.org\/wordpress\/wp-json\/wp\/v2\/media?parent=811"}],"wp:term":[{"taxonomy":"category","embeddable":true,"href":"https:\/\/junjan.org\/wordpress\/wp-json\/wp\/v2\/categories?post=811"},{"taxonomy":"post_tag","embeddable":true,"href":"https:\/\/junjan.org\/wordpress\/wp-json\/wp\/v2\/tags?post=811"}],"curies":[{"name":"wp","href":"https:\/\/api.w.org\/{rel}","templated":true}]}}