{"id":813,"date":"2006-07-24T19:10:18","date_gmt":"2006-07-24T19:10:18","guid":{"rendered":"http:\/\/junjan.org\/wordpress\/?p=813"},"modified":"2006-07-24T19:10:18","modified_gmt":"2006-07-24T19:10:18","slug":"israel_no_escuchar_ninguna_iniciativa_libanesa_ni_europea","status":"publish","type":"post","link":"https:\/\/junjan.org\/wordpress\/2006\/07\/israel_no_escuchar_ninguna_iniciativa_libanesa_ni_europea\/","title":{"rendered":"Israel no escuchar\u00e1 ninguna iniciativa libanesa ni europea"},"content":{"rendered":"<p>Entrevista telef\u00f3nica a Francesco Polesello<br \/>\nPor Gaetano Dovidio, Stefano Ellero de Un PontePer<br \/>\ny Alberto Arce, desde Am\u00e1n. Jordania-L\u00edbano, julio del 2006.<br \/>\npublicado en [\u00abLa Insignia\u00bb:http:\/\/www.lainsignia.org\/2006\/julio\/int_009.htm].<\/p>\n<blockquote><p>\n<em>-\u00bfCu\u00e1l es la situacion actual?<\/em><br \/>\n-Todo el mundo aqui dice que la invasi\u00f3n terrestre va a tener lugar esta noche. La \u00faltima noticia es que tropas israelies han penetrado varios kilometros en el sur y que sus tanques han destruido la valla fronteriza para facilitar la invasi\u00f3n. Estados Unidos est\u00e1 enviando a Israel bombas con capacidad para destruir los refugios y b\u00fankers en los que se refugia el liderazgo liban\u00e9s. Esta ma\u00f1ana han bombardeado un campo palestino en el norte, cerca de Tr\u00edpoli; tambi\u00e9n han sido bombardeados los campos de refugiados palestinos en Beirut, especialmente en Chatila, y el bombardeo sobre todas las posiciones chi\u00edtas es constante. Han bombardeado tambien los repetidores telef\u00f3nicos y de televisi\u00f3n.<br \/>\n<em><br \/>\n-\u00bfCu\u00e1l es la situaci\u00f3n de la poblaci\u00f3n civil? <\/em><br \/>\n-La situaci\u00f3n de emergencia de la poblaci\u00f3n civil es absoluta, cientos de miles de personas tratan de refugiarse de los bombardeos. Se agolpan en las escuelas y los parques de Beirut. No ser\u00e1 posible alimentarlos durante demasiado tiempo porque los suministros se estan agotando y cualquier transporte masivo en camiones o convoyes puede ser atacado por Israel. La falta de electricidad hace que se est\u00e9n construyendo fosas comunes en Beirut y en el sur del pa\u00eds. Es imposible conservar los cadaveres, hay ya mas de 400 muertos. La inmensa mayor\u00eda son civiles, muchisimos ninos. Los combatientes mantienen su fuerza y son los civiles los que estan sufriendo la situaci\u00f3n.<br \/>\nLos israelies estan bombardeando las ambulancias y los convoyes de civiles que huyen de las ciudades del sur en direccion a la capital, se tarda horas en recorrer las carreteras, desde Tiro, habitualmente a media hora, se tarda ahora 8 horas en llegar a Beirut\u2026<br \/>\n<em>-\u00bfHay noticias de ayuda desde el exterior?<\/em><br \/>\n-Desde las frontera siria por ahora no existe ningun corredor humanitario. La carretera a Damasco es impracticable.<br \/>\n<em>-En caso de invasion terrestre, \u00bfse va a plantar cara al ejercito israeli?<\/em><br \/>\n-Las autoridades libanesas se estan preparando para luchar, pero el ej\u00e9rcito tiene unas fuerzas muy limitadas, mal entrenadas y con un armamento muy antiguo. No tienen ninguna posibilidad.<br \/>\n<em>-\u00bfCu\u00e1les son los escenarios posibles?<\/em><br \/>\n-No se sabe si la invasi\u00f3n se limitara al sur, en el territorio controlado por Hezbol\u00e1, o a todo el pa\u00eds, ya que tambi\u00e9n estan presentes en los barrios del sur de la capital y el valle de la Bek\u00e1, cerca de la frontera con Siria. Aqu\u00ed se espera un cambio pol\u00edtico y que Siria e Ir\u00e1n comiencen a ayudar a los libaneses, pero tambi\u00e9n se dice, ante el actual silencio del r\u00e9gimen de Teher\u00e1n, que Ir\u00e1n vendera a Hezbol\u00e1 a cambio de una negociaci\u00f3n favorable en la polemica abierta en torno a su carrera nuclear. En t\u00e9rminos practicos esto significar\u00e1 la catastrofe definitiva o que Siria intervenga por su propia cuenta. Pero tras los sucesos que siguieron al asesinato del presidente Hariri, no todos los animos en L\u00edbano son del todo favorables a la intervenci\u00f3n siria. El escenario actual es la cat\u00e1strofe humana y la destrucci\u00f3n del pais.<br \/>\n<em><br \/>\n-\u00bfQu\u00e9 dice la gente de la calle? \u00bfQue se piensa de la iniciativa de Roma?<\/em><br \/>\n-La iniciativa de Roma genera expectativas por la importancia de la presencia comercial italiana en L\u00edbano. Italia es uno de los principales socios del L\u00edbano y como tal es respetada. Las expectativas son muchas pero es necesario incluir a los Estados Unidos en la negociaci\u00f3n porque, de cualquier otro modo, Israel no escuchar\u00e1 ninguna iniciativa libanesa ni europea. La cr\u00edtica a Israel no se puede calificar de \u00abantisemitismo\u00bb, sino de cr\u00edtica a un sistema politico; se trata de convencer a la poblaci\u00f3n israel\u00ed de que haga tambi\u00e9n algo contra esta guerra. <\/p><\/blockquote>\n","protected":false},"excerpt":{"rendered":"<p>Entrevista telef\u00f3nica a Francesco Polesello Por Gaetano Dovidio, Stefano Ellero de Un PontePer y Alberto Arce, desde Am\u00e1n. Jordania-L\u00edbano, julio del 2006. publicado en [\u00abLa Insignia\u00bb:http:\/\/www.lainsignia.org\/2006\/julio\/int_009.htm]. -\u00bfCu\u00e1l es la situacion actual? -Todo el mundo aqui dice que la invasi\u00f3n terrestre va a tener lugar esta noche. La \u00faltima noticia es que tropas israelies han penetrado&hellip;&nbsp;<a href=\"https:\/\/junjan.org\/wordpress\/2006\/07\/israel_no_escuchar_ninguna_iniciativa_libanesa_ni_europea\/\" rel=\"bookmark\">Leer m\u00e1s &raquo;<span class=\"screen-reader-text\">Israel no escuchar\u00e1 ninguna iniciativa libanesa ni europea<\/span><\/a><\/p>\n","protected":false},"author":1,"featured_media":0,"comment_status":"open","ping_status":"open","sticky":false,"template":"","format":"standard","meta":{"neve_meta_sidebar":"","neve_meta_container":"","neve_meta_enable_content_width":"","neve_meta_content_width":0,"neve_meta_title_alignment":"","neve_meta_author_avatar":"","neve_post_elements_order":"","neve_meta_disable_header":"","neve_meta_disable_footer":"","neve_meta_disable_title":"","footnotes":""},"categories":[5],"tags":[243],"class_list":["post-813","post","type-post","status-publish","format-standard","hentry","category-actualidad","tag-libano-israel-guerra-palestina-alberto-arce"],"_links":{"self":[{"href":"https:\/\/junjan.org\/wordpress\/wp-json\/wp\/v2\/posts\/813","targetHints":{"allow":["GET"]}}],"collection":[{"href":"https:\/\/junjan.org\/wordpress\/wp-json\/wp\/v2\/posts"}],"about":[{"href":"https:\/\/junjan.org\/wordpress\/wp-json\/wp\/v2\/types\/post"}],"author":[{"embeddable":true,"href":"https:\/\/junjan.org\/wordpress\/wp-json\/wp\/v2\/users\/1"}],"replies":[{"embeddable":true,"href":"https:\/\/junjan.org\/wordpress\/wp-json\/wp\/v2\/comments?post=813"}],"version-history":[{"count":0,"href":"https:\/\/junjan.org\/wordpress\/wp-json\/wp\/v2\/posts\/813\/revisions"}],"wp:attachment":[{"href":"https:\/\/junjan.org\/wordpress\/wp-json\/wp\/v2\/media?parent=813"}],"wp:term":[{"taxonomy":"category","embeddable":true,"href":"https:\/\/junjan.org\/wordpress\/wp-json\/wp\/v2\/categories?post=813"},{"taxonomy":"post_tag","embeddable":true,"href":"https:\/\/junjan.org\/wordpress\/wp-json\/wp\/v2\/tags?post=813"}],"curies":[{"name":"wp","href":"https:\/\/api.w.org\/{rel}","templated":true}]}}