{"id":815,"date":"2006-08-03T00:41:02","date_gmt":"2006-08-03T00:41:02","guid":{"rendered":"http:\/\/junjan.org\/wordpress\/?p=815"},"modified":"2006-08-03T00:41:02","modified_gmt":"2006-08-03T00:41:02","slug":"dnde_estn","status":"publish","type":"post","link":"https:\/\/junjan.org\/wordpress\/2006\/08\/dnde_estn\/","title":{"rendered":"\u00bfD\u00f3nde est\u00e1n?"},"content":{"rendered":"<p>\u00bfD\u00f3nde est\u00e1n los millones de personas manifest\u00e1ndose en contra de la guerra? \u00bfD\u00f3nde est\u00e1 los intelectuales? \u00bfD\u00f3nde est\u00e1n los analistas? \u00bfD\u00f3nde est\u00e1n los aguerridos reporteros? \u00bfD\u00f3nde est\u00e1n los escudos humanos? &#8230;  Parece que est\u00e1n de vacaciones. Si es que la familia Bush deber\u00eda aprender de sus profesores, las guerras ilegales hay que empezarlas a finales de Julio. En \u00abMarzo\u00bb:http:\/\/es.wikipedia.org\/wiki\/20_de_marzo la gente est\u00e1 demasiado despierta y te organizan una \u00abmanifestaci\u00f3n\u00bb:http:\/\/es.wikipedia.org\/wiki\/Manifestaciones_globales_contra_la_guerra_de_Irak millonaria por un <em>\u00abqu\u00edtame all\u00e1 esas pajas\u00bb<\/em>.<\/p>\n","protected":false},"excerpt":{"rendered":"<p>\u00bfD\u00f3nde est\u00e1n los millones de personas manifest\u00e1ndose en contra de la guerra? \u00bfD\u00f3nde est\u00e1 los intelectuales? \u00bfD\u00f3nde est\u00e1n los analistas? \u00bfD\u00f3nde est\u00e1n los aguerridos reporteros? \u00bfD\u00f3nde est\u00e1n los escudos humanos? &#8230; Parece que est\u00e1n de vacaciones. Si es que la familia Bush deber\u00eda aprender de sus profesores, las guerras ilegales hay que empezarlas a finales&hellip;&nbsp;<a href=\"https:\/\/junjan.org\/wordpress\/2006\/08\/dnde_estn\/\" rel=\"bookmark\">Leer m\u00e1s &raquo;<span class=\"screen-reader-text\">\u00bfD\u00f3nde est\u00e1n?<\/span><\/a><\/p>\n","protected":false},"author":1,"featured_media":0,"comment_status":"open","ping_status":"open","sticky":false,"template":"","format":"standard","meta":{"neve_meta_sidebar":"","neve_meta_container":"","neve_meta_enable_content_width":"","neve_meta_content_width":0,"neve_meta_title_alignment":"","neve_meta_author_avatar":"","neve_post_elements_order":"","neve_meta_disable_header":"","neve_meta_disable_footer":"","neve_meta_disable_title":"","footnotes":""},"categories":[84],"tags":[245],"class_list":["post-815","post","type-post","status-publish","format-standard","hentry","category-divagaciones","tag-libano-israel-guerra-palestina"],"_links":{"self":[{"href":"https:\/\/junjan.org\/wordpress\/wp-json\/wp\/v2\/posts\/815","targetHints":{"allow":["GET"]}}],"collection":[{"href":"https:\/\/junjan.org\/wordpress\/wp-json\/wp\/v2\/posts"}],"about":[{"href":"https:\/\/junjan.org\/wordpress\/wp-json\/wp\/v2\/types\/post"}],"author":[{"embeddable":true,"href":"https:\/\/junjan.org\/wordpress\/wp-json\/wp\/v2\/users\/1"}],"replies":[{"embeddable":true,"href":"https:\/\/junjan.org\/wordpress\/wp-json\/wp\/v2\/comments?post=815"}],"version-history":[{"count":0,"href":"https:\/\/junjan.org\/wordpress\/wp-json\/wp\/v2\/posts\/815\/revisions"}],"wp:attachment":[{"href":"https:\/\/junjan.org\/wordpress\/wp-json\/wp\/v2\/media?parent=815"}],"wp:term":[{"taxonomy":"category","embeddable":true,"href":"https:\/\/junjan.org\/wordpress\/wp-json\/wp\/v2\/categories?post=815"},{"taxonomy":"post_tag","embeddable":true,"href":"https:\/\/junjan.org\/wordpress\/wp-json\/wp\/v2\/tags?post=815"}],"curies":[{"name":"wp","href":"https:\/\/api.w.org\/{rel}","templated":true}]}}