{"id":819,"date":"2006-08-08T08:46:35","date_gmt":"2006-08-08T08:46:35","guid":{"rendered":"http:\/\/junjan.org\/wordpress\/?p=819"},"modified":"2006-08-08T08:46:35","modified_gmt":"2006-08-08T08:46:35","slug":"elogio","status":"publish","type":"post","link":"https:\/\/junjan.org\/wordpress\/2006\/08\/elogio\/","title":{"rendered":"Elogio"},"content":{"rendered":"<p><strong>\u00abElogio a Fidel Castro\u00bb<\/strong>, por \u00abReinaldo Arenas\u00bb:http:\/\/es.wikipedia.org\/wiki\/Reinaldo_Arenas. Completo en [\u00abEl Pa\u00eds\u00bb:http:\/\/www.elpais.es\/articulo\/elpporopi\/20060807elpepiint_14\/Tes\/Elogio\/Fidel\/Castro]. En plena actualidad a pesar de haber sido escrito hace m\u00e1s de diez a\u00f1os. Fragmento:<\/p>\n<blockquote><p>\n\u00abEn estos momentos en que casi todos los pa\u00edses comunistas marchan hacia un proceso democr\u00e1tico, Fidel Castro se ha puesto en la picota de la opini\u00f3n p\u00fablica por negarse a aceptar ning\u00fan tipo de cambio, ni nada que huela a perestroika o a democracia. Yo, tal vez por mi esp\u00edritu de contradicci\u00f3n, en vez de criticar al \u00abM\u00e1ximo L\u00edder\u00bb, voy a hacer aqu\u00ed un breve recuento de sus virtudes.<br \/>\n<em>Pol\u00edtico calculador y astuto<\/em>, cuando tom\u00f3 el poder en 1959 ten\u00eda tres alternativas: 1) la democracia, con la cual hubiese ganado las elecciones en esa fecha, pero hubiese disfrutado de un poder ef\u00edmero y compartido con la oposici\u00f3n. 2) La tiran\u00eda de derecha o convencional, que nunca ofrece una seguridad absoluta ni un poder ilimitado. 3) La tiran\u00eda comunista, que en aquel momento, adem\u00e1s de cubrirlo de gloria, parec\u00eda asegurarle un poder vitalicio. H\u00e1bil, Castro opt\u00f3 por esta alternativa.<br \/>\n<em>Profundo fil\u00f3sofo<\/em>, les ha hecho comprender de una u otra manera a sus s\u00fabditos que la vida material es cosa balad\u00ed, a tal punto que en Cuba no existen casi cosas materiales y el \u00edndice de suicidios, seg\u00fan serios informes de las Naciones Unidas, es el primero en Am\u00e9rica Latina.<br \/>\n<em>Intelectual l\u00facido<\/em>, comprendi\u00f3 que la mayor\u00eda de los artistas son v\u00edctimas de un ego hipertrofiado. Desde 1959 comenz\u00f3 a invitar a destacados escritores, atendi\u00e9ndolos personalmente y mostr\u00e1ndoles lo que \u00e9l quer\u00eda que vieran. Castro ha creado premios literarios internacionales y ha promovido a algunos intelectuales fieles hasta las c\u00faspides del Premio Nobel, como es el caso de Gabriel Garc\u00eda M\u00e1rquez&#8230;.\u00bb\n<\/p><\/blockquote>\n","protected":false},"excerpt":{"rendered":"<p>\u00abElogio a Fidel Castro\u00bb, por \u00abReinaldo Arenas\u00bb:http:\/\/es.wikipedia.org\/wiki\/Reinaldo_Arenas. Completo en [\u00abEl Pa\u00eds\u00bb:http:\/\/www.elpais.es\/articulo\/elpporopi\/20060807elpepiint_14\/Tes\/Elogio\/Fidel\/Castro]. En plena actualidad a pesar de haber sido escrito hace m\u00e1s de diez a\u00f1os. Fragmento: \u00abEn estos momentos en que casi todos los pa\u00edses comunistas marchan hacia un proceso democr\u00e1tico, Fidel Castro se ha puesto en la picota de la opini\u00f3n p\u00fablica por negarse&hellip;&nbsp;<a href=\"https:\/\/junjan.org\/wordpress\/2006\/08\/elogio\/\" rel=\"bookmark\">Leer m\u00e1s &raquo;<span class=\"screen-reader-text\">Elogio<\/span><\/a><\/p>\n","protected":false},"author":1,"featured_media":0,"comment_status":"open","ping_status":"open","sticky":false,"template":"","format":"standard","meta":{"neve_meta_sidebar":"","neve_meta_container":"","neve_meta_enable_content_width":"","neve_meta_content_width":0,"neve_meta_title_alignment":"","neve_meta_author_avatar":"","neve_post_elements_order":"","neve_meta_disable_header":"","neve_meta_disable_footer":"","neve_meta_disable_title":"","footnotes":""},"categories":[5],"tags":[249],"class_list":["post-819","post","type-post","status-publish","format-standard","hentry","category-actualidad","tag-reinaldo-arenas-fidel-castro-cuba"],"_links":{"self":[{"href":"https:\/\/junjan.org\/wordpress\/wp-json\/wp\/v2\/posts\/819","targetHints":{"allow":["GET"]}}],"collection":[{"href":"https:\/\/junjan.org\/wordpress\/wp-json\/wp\/v2\/posts"}],"about":[{"href":"https:\/\/junjan.org\/wordpress\/wp-json\/wp\/v2\/types\/post"}],"author":[{"embeddable":true,"href":"https:\/\/junjan.org\/wordpress\/wp-json\/wp\/v2\/users\/1"}],"replies":[{"embeddable":true,"href":"https:\/\/junjan.org\/wordpress\/wp-json\/wp\/v2\/comments?post=819"}],"version-history":[{"count":0,"href":"https:\/\/junjan.org\/wordpress\/wp-json\/wp\/v2\/posts\/819\/revisions"}],"wp:attachment":[{"href":"https:\/\/junjan.org\/wordpress\/wp-json\/wp\/v2\/media?parent=819"}],"wp:term":[{"taxonomy":"category","embeddable":true,"href":"https:\/\/junjan.org\/wordpress\/wp-json\/wp\/v2\/categories?post=819"},{"taxonomy":"post_tag","embeddable":true,"href":"https:\/\/junjan.org\/wordpress\/wp-json\/wp\/v2\/tags?post=819"}],"curies":[{"name":"wp","href":"https:\/\/api.w.org\/{rel}","templated":true}]}}