{"id":822,"date":"2006-08-22T20:46:34","date_gmt":"2006-08-22T20:46:34","guid":{"rendered":"http:\/\/junjan.org\/wordpress\/?p=822"},"modified":"2006-08-22T20:46:34","modified_gmt":"2006-08-22T20:46:34","slug":"seguro_que_es_una_sorpresa_1","status":"publish","type":"post","link":"https:\/\/junjan.org\/wordpress\/2006\/08\/seguro_que_es_una_sorpresa_1\/","title":{"rendered":"\u00bfSeguro que es una sorpresa?"},"content":{"rendered":"<p>\u00a1Huy! \u00a1Qu\u00e9 sorpresa! \u00a1No me lo puedo creer! \u00a1Resulta que a los pol\u00edticos \u201cnacionalistas\u201d se les ve el plumero a la primera de cambio y son tan xen\u00f3fobos como el capataz de [\u00abKunta Kinte\u00bb:http:\/\/en.wikipedia.org\/wiki\/Kunta_Kinte]!<br \/>\nPues no s\u00e9 de qu\u00e9 se extra\u00f1an. Esa es precisamente una de las caracter\u00edsticas de cualquier nacionalismo, aunque se autodefinan como \u201cnacionalistas moderados\u201d. Puede que est\u00e9 escondido bajo muchas capas de defensa de la cultura, de fomento del lenguaje y de protejamos \u2018lo nuestro\u2019, pero est\u00e1 ah\u00ed. S\u00f3lo hay que rascar un poco.<br \/>\nVer:<br \/>\n&#8211; \u00abLos partidos catalanes, divididos ante el derecho de voto de los inmigrantes\u00bb:http:\/\/www.elpais.es\/articulo\/cataluna\/partidos\/catalanes\/divididos\/derecho\/voto\/inmigrantes\/elpepiautcat\/20060819elpcat_3\/Tes\/ (El Pa\u00eds)<br \/>\n&#8211; \u00abDuran cree que \u00abno se puede hablar de derechos\u00bb como el voto \u00absin tener en cuenta los deberes\u00bb de los inmigrantes\u00bb:http:\/\/www.lavanguardia.es\/gen\/20060819\/51280218538\/noticias\/duran-cree-que-no-se-puede-hablar-de-derechos-como-el-voto-sin-tener-en-cuenta-los-deberes-de-los-inmigrantes-josep-antoni-duran-lleida-ciu-barcelona.html (La Vanguardia)<br \/>\n&#8211; \u00abDuran ve \u00abinjusto\u00bb que le llamen racista por decir que el voto inmigrante no es prioritario\u00bb:http:\/\/www.abc.es\/20060821\/nacional-nacional\/duran-injusto-llamen-racista_200608210246.html (ABC)<br \/>\n&#8211; \u00abDesnaturalizar Catalu\u00f1a\u00bb:http:\/\/www.elpais.es\/articulo\/cataluna\/Desnaturalizar\/Cataluna\/elpepiautcat\/20060819elpcat_2\/Tes\/ (El Pa\u00eds)<br \/>\n&#8211; \u00abICV pide al PSC y a ERC que se atrevan a plantar cara a ciu sobre el voto de los inmigrantes, porque cuando se habla de los derechos de las personas no valen las actitudes ambiguas\u00bb:http:\/\/www.iniciativa.cat\/nacional\/continguts\/noticies\/nac_noticies_sol_cas.php?idnoticie=6287 (ICV)<br \/>\n&#8211; \u00abLos sindicatos piden el voto para los inmigrantes en las municipales\u00bb:http:\/\/www.elpais.es\/articulo\/cataluna\/sindicatos\/piden\/voto\/inmigrantes\/municipales\/elpepiautcat\/20060822elpcat_1\/Tes\/ (El Pa\u00eds)<\/p>\n","protected":false},"excerpt":{"rendered":"<p>\u00a1Huy! \u00a1Qu\u00e9 sorpresa! \u00a1No me lo puedo creer! \u00a1Resulta que a los pol\u00edticos \u201cnacionalistas\u201d se les ve el plumero a la primera de cambio y son tan xen\u00f3fobos como el capataz de [\u00abKunta Kinte\u00bb:http:\/\/en.wikipedia.org\/wiki\/Kunta_Kinte]! Pues no s\u00e9 de qu\u00e9 se extra\u00f1an. Esa es precisamente una de las caracter\u00edsticas de cualquier nacionalismo, aunque se autodefinan como&hellip;&nbsp;<a href=\"https:\/\/junjan.org\/wordpress\/2006\/08\/seguro_que_es_una_sorpresa_1\/\" rel=\"bookmark\">Leer m\u00e1s &raquo;<span class=\"screen-reader-text\">\u00bfSeguro que es una sorpresa?<\/span><\/a><\/p>\n","protected":false},"author":1,"featured_media":0,"comment_status":"open","ping_status":"open","sticky":false,"template":"","format":"standard","meta":{"neve_meta_sidebar":"","neve_meta_container":"","neve_meta_enable_content_width":"","neve_meta_content_width":0,"neve_meta_title_alignment":"","neve_meta_author_avatar":"","neve_post_elements_order":"","neve_meta_disable_header":"","neve_meta_disable_footer":"","neve_meta_disable_title":"","footnotes":""},"categories":[5],"tags":[252],"class_list":["post-822","post","type-post","status-publish","format-standard","hentry","category-actualidad","tag-racismo-nacionalismo-cataluna"],"_links":{"self":[{"href":"https:\/\/junjan.org\/wordpress\/wp-json\/wp\/v2\/posts\/822","targetHints":{"allow":["GET"]}}],"collection":[{"href":"https:\/\/junjan.org\/wordpress\/wp-json\/wp\/v2\/posts"}],"about":[{"href":"https:\/\/junjan.org\/wordpress\/wp-json\/wp\/v2\/types\/post"}],"author":[{"embeddable":true,"href":"https:\/\/junjan.org\/wordpress\/wp-json\/wp\/v2\/users\/1"}],"replies":[{"embeddable":true,"href":"https:\/\/junjan.org\/wordpress\/wp-json\/wp\/v2\/comments?post=822"}],"version-history":[{"count":0,"href":"https:\/\/junjan.org\/wordpress\/wp-json\/wp\/v2\/posts\/822\/revisions"}],"wp:attachment":[{"href":"https:\/\/junjan.org\/wordpress\/wp-json\/wp\/v2\/media?parent=822"}],"wp:term":[{"taxonomy":"category","embeddable":true,"href":"https:\/\/junjan.org\/wordpress\/wp-json\/wp\/v2\/categories?post=822"},{"taxonomy":"post_tag","embeddable":true,"href":"https:\/\/junjan.org\/wordpress\/wp-json\/wp\/v2\/tags?post=822"}],"curies":[{"name":"wp","href":"https:\/\/api.w.org\/{rel}","templated":true}]}}