{"id":823,"date":"2006-08-23T00:38:56","date_gmt":"2006-08-23T00:38:56","guid":{"rendered":"http:\/\/junjan.org\/wordpress\/?p=823"},"modified":"2017-10-18T00:55:50","modified_gmt":"2017-10-17T22:55:50","slug":"sociedad_libre","status":"publish","type":"post","link":"https:\/\/junjan.org\/wordpress\/2006\/08\/sociedad_libre\/","title":{"rendered":"Sociedad libre"},"content":{"rendered":"<p>Dice Esperanza Aguirre ?la representante en la tierra de los dioses neoliberales? en un art\u00edculo en ABC que:<\/p>\n<blockquote><p>Una sociedad es libre cuando se puede ir a una plaza de cualquier ciudad y clamar contra lo que te apetezca.<\/p><\/blockquote>\n<p>Yo podr\u00eda afirmar lo mismo, pero Aguirre a\u00f1ade:<\/p>\n<blockquote><p>Yo no creo que alguien pueda ir al bulevar de San Sebasti\u00e1n o a la plaza de Catalu\u00f1a, en Barcelona, con una bandera nacional y gritar \u00abViva Espa\u00f1a\u00bb.<\/p><\/blockquote>\n<p>Recordemos que no hace tanto tiempo y en relaci\u00f3n a una obra de teatro representada en Madrid ?<a href=\"http:\/\/www.elmundo.es\/elmundo\/2004\/04\/27\/madrid\/1083061425.html\">Me cago en Dios<\/a>\u00ab? Aguirre se mostr\u00f3 en contra de su representaci\u00f3n ya que <em>\u201cpodr\u00eda ser considerada como ofensiva para los sentimientos de los ciudadanos\u201d.<\/em> Con esta preocupaci\u00f3n por las emociones de sus conciudadanos, \u00bfno se habr\u00e1 planteado que si tenemos en cuenta nuestra historia reciente, que se produzcan manifestaciones ?ajenas al f\u00fatbol? donde se ondeen banderas nacionales y se griten \u201cvivas (o quiz\u00e1s estaba pensado en \u201carribas\u201d) a Espa\u00f1a\u201d puede herir los sentimientos m\u00e1s profundos de mucha gente, y no s\u00f3lo en Catalu\u00f1a o el pa\u00eds Vasco?<br \/>\nEstoy seguro que siguiendo la l\u00ednea de pensamiento imperante en su partido y sus referentes pseudo intelectuales Aguirre considera que los cuarenta a\u00f1os de dictadura y represi\u00f3n franquista, nacionalismo espa\u00f1olista y catolicismo ultraconservador han sido un invento de los historiadores comunistas, y que asociar las manifestaciones de fervor patriota con el fascismo m\u00e1s rancio es algo realmente infundado. \u00bfSer\u00e1 casualidad entonces que cuando se junta m\u00e1s de diez banderas espa\u00f1olas en un acto que no sea futbolero es casi sin duda un acto patrocinado por la derecha social o medi\u00e1tica, por la iglesia, por la falange o por Ynestrillas? Ser\u00e1.<br \/>\nAs\u00ed que teniendo en cuenta que cada veinte de noviembre hay muchos ciudadanos que van cargados de banderas a muchas plazas de toda Espa\u00f1a a loar a Franco, y gritar todas las tonterias esquizoides que les da la gana, creo que Aguirre se equivoca, en ese sentido somos una \u00absociedad libre\u00bb.<br \/>\nHay m\u00faltiples temas que son tab\u00fa y su ausencia en el debate pol\u00edtico ilustra mucho mejor la falta de libertad, tome nota: los millones de viviendas deshabitadas que s\u00f3lo sirven para inflar los precios, los pelotazos inmobiliarios con ping\u00fces beneficios en casi todos los ayuntamientos, las comisiones millonarias en las obras p\u00fablicas, la construcci\u00f3n de iglesias y\/o mezquitas con fondos p\u00fablicos en un estado laico, la financiaci\u00f3n de los partidos, el reparto de los derechos de autor, las subvenciones culturales, el presupuesto de investigaci\u00f3n militar, los impuestos del tabaco, la contaminaci\u00f3n galopante incumpliento el pacto de Kioto, las fundaciones de los partidos financiadas por el estado, el reparto del agua, la corrupci\u00f3n policial, los gastos de la familia real, el mercado de la prostituci\u00f3n, el olvido por parte del estado de las personas sin hogar, de los deficientes mentales, y un largu\u00edsimo etc\u00e9tera.<\/p>\n","protected":false},"excerpt":{"rendered":"<p>Dice Esperanza Aguirre ?la representante en la tierra de los dioses neoliberales? en un art\u00edculo en ABC que: Una sociedad es libre cuando se puede ir a una plaza de cualquier ciudad y clamar contra lo que te apetezca. Yo podr\u00eda afirmar lo mismo, pero Aguirre a\u00f1ade: Yo no creo que alguien pueda ir al&hellip;&nbsp;<a href=\"https:\/\/junjan.org\/wordpress\/2006\/08\/sociedad_libre\/\" rel=\"bookmark\">Leer m\u00e1s &raquo;<span class=\"screen-reader-text\">Sociedad libre<\/span><\/a><\/p>\n","protected":false},"author":1,"featured_media":0,"comment_status":"open","ping_status":"open","sticky":false,"template":"","format":"standard","meta":{"neve_meta_sidebar":"","neve_meta_container":"","neve_meta_enable_content_width":"","neve_meta_content_width":0,"neve_meta_title_alignment":"","neve_meta_author_avatar":"","neve_post_elements_order":"","neve_meta_disable_header":"","neve_meta_disable_footer":"","neve_meta_disable_title":"","footnotes":""},"categories":[5],"tags":[253],"class_list":["post-823","post","type-post","status-publish","format-standard","hentry","category-actualidad","tag-esperanza-aguirre-libertad"],"_links":{"self":[{"href":"https:\/\/junjan.org\/wordpress\/wp-json\/wp\/v2\/posts\/823","targetHints":{"allow":["GET"]}}],"collection":[{"href":"https:\/\/junjan.org\/wordpress\/wp-json\/wp\/v2\/posts"}],"about":[{"href":"https:\/\/junjan.org\/wordpress\/wp-json\/wp\/v2\/types\/post"}],"author":[{"embeddable":true,"href":"https:\/\/junjan.org\/wordpress\/wp-json\/wp\/v2\/users\/1"}],"replies":[{"embeddable":true,"href":"https:\/\/junjan.org\/wordpress\/wp-json\/wp\/v2\/comments?post=823"}],"version-history":[{"count":2,"href":"https:\/\/junjan.org\/wordpress\/wp-json\/wp\/v2\/posts\/823\/revisions"}],"predecessor-version":[{"id":2446,"href":"https:\/\/junjan.org\/wordpress\/wp-json\/wp\/v2\/posts\/823\/revisions\/2446"}],"wp:attachment":[{"href":"https:\/\/junjan.org\/wordpress\/wp-json\/wp\/v2\/media?parent=823"}],"wp:term":[{"taxonomy":"category","embeddable":true,"href":"https:\/\/junjan.org\/wordpress\/wp-json\/wp\/v2\/categories?post=823"},{"taxonomy":"post_tag","embeddable":true,"href":"https:\/\/junjan.org\/wordpress\/wp-json\/wp\/v2\/tags?post=823"}],"curies":[{"name":"wp","href":"https:\/\/api.w.org\/{rel}","templated":true}]}}