{"id":830,"date":"2006-09-23T20:47:11","date_gmt":"2006-09-23T20:47:11","guid":{"rendered":"http:\/\/junjan.org\/wordpress\/?p=830"},"modified":"2011-06-04T20:45:33","modified_gmt":"2011-06-04T18:45:33","slug":"espaoles_preocupados","status":"publish","type":"post","link":"https:\/\/junjan.org\/wordpress\/2006\/09\/espaoles_preocupados\/","title":{"rendered":"Espa\u00f1oles preocupados"},"content":{"rendered":"<p>Dicen las encuestas que la primera \u201cpreocupaci\u00f3n\u201d de los ciudadanos espa\u00f1oles es la inmigraci\u00f3n[1]. Pero no en el sentido de estar preocupados por la \u00ednfimas condiciones humanitarias que padecen los inmigrantes que se hacinan en las instalaciones de nuestras fronteras, no. Preocupaci\u00f3n en sentido xen\u00f3fobo, aunque nadie lo dice pero todo el mundo lo piensa.<br \/>\nEs lo que m\u00e1s preocupa, \u00a1oiga! M\u00e1s que el desorbitado precio de la vivienda[2]; m\u00e1s que el retroceso de las pol\u00edticas sociales, la poca calidad de la sanidad y de la ense\u00f1anza; m\u00e1s que la precariedad e inseguridad laborales que llenan la sociedad de \u201cmileuristas\u201d ?si hay suerte? y \u201cquinientoseuristas\u201d ?si se me permite el palabro? que malviven en nuestras urbes; m\u00e1s que la degradaci\u00f3n exponencial del medio ambiente, la quema de los bosques, la contaminaci\u00f3n del aire y del agua, y la extinci\u00f3n de cientos de especies cada dos por tres; m\u00e1s que la degradaci\u00f3n de las anta\u00f1o instituciones democr\u00e1ticas, ahora gobernadas por la corporaciones que sostienen la zanahoria de la globalizaci\u00f3n capitalista; m\u00e1s que el abandono cr\u00f3nico que sufren los pobres, los ancianos y los discapacitados; m\u00e1s que la pervivencia de la discriminaci\u00f3n a las mujeres y las minor\u00edas raciales; m\u00e1s que el retroceso mundial de las libertades civiles debido a la \u201cguerra contra el terror\u201d; m\u00e1s que las guerras injustas; incluso m\u00e1s que la guerra de hip\u00f3tesis \u201cconspiranoicas\u201d sobre el 11M. En definitiva, m\u00e1s que nada.<br \/>\nLos argumentos que dan los descontentos ciudadanos para tener ese p\u00e1nico a los inmigrantes son de gran calado intelectual[3]. Dicen que los inmigrantes \u201cnos quitan\u201d el trabajo[4]. Interesante apreciaci\u00f3n. No he visto yo todav\u00eda una cola de \u201ccristianos viejos\u201d esperando a ser contratados como peones alba\u00f1iles, jornaleros en la recogida del fres\u00f3n o del esp\u00e1rrago, o en los servicios de limpieza, trabajos donde casi todos toditos los contratados \u201clegales\u201d, y por su puesto todos los cientos de miles de ilegales y \u00absumergidos\u00bb son inmigrantes.<br \/>\nDicen que los inmigrantes \u201cno se adaptan a nuestra cultura\u201d y \u201cno respetan nuestras tradiciones\u201d. Hay madre, \u00bfqu\u00e9 cultura? \u00bfHablamos de la cultura judeo-cristiana? \u00bfHablamos de la cultura democr\u00e1tica? \u00bfHablamos de la cultura gastron\u00f3mico-festiva? \u00bfHablamos del lenguaje? \u00bfHa cambiado un \u00e1pice la cultura alemana con las inmigraciones sucesivas de espa\u00f1oles, italianos o turcos durante m\u00e1s de treinta a\u00f1os? Siempre se dicen las mismas manidas \u201cteor\u00edas sociol\u00f3gicas de bar\u201d, donde los inmigrantes africanos y asi\u00e1ticos son un gran problema por sus diferencias culturales e idiom\u00e1ticas. Nada se dice, por ejemplo, de los cientos de miles de alemanes e ingleses que viven permanentemente en Espa\u00f1a y no tienen ninguna intenci\u00f3n ni de aprender el idioma ni de integrarse en nuestra supuesta cultura. \u00bfNo ser\u00e1 entonces que la cuesti\u00f3n es un problema de clasismo y racismo?<br \/>\nDicen que los inmigrantes se llevan todas las ayudas para vivienda. Y esto lo dicen personas que tienen un trabajo bien remunerado ?o a\u00fan peor, yo he o\u00eddo enunciar este argumento a parejas con dos trabajos bien remunerados? y que aunque en Espa\u00f1a no hubiera ning\u00fan inmigrante no conseguir\u00edan nunca una vivienda de protecci\u00f3n oficial al no cumplir \u201cninguno\u201d de los requisitos.<br \/>\nDicen que los ni\u00f1os extranjeros hacen que baje el nivel de la educaci\u00f3n, en vez de darse cuenta de lo obvio, no son los ni\u00f1os los que bajan el nivel sino la poca inversi\u00f3n en una ense\u00f1anza p\u00fablica de calidad, con el n\u00famero de profesores necesario para que los alumnos con necesidad de un mayor apoyo no afecten negativamente al resto[5].<br \/>\nEl asunto es echarle la culpa al m\u00e1s d\u00e9bil para no tener que analizar la verdadera naturaleza de los problemas.<br \/>\n<em><\/em><\/p>\n<p><em>Notas:<\/em><br \/>\n[1]. Dentro, eso s\u00ed, del grupo elegido de personas que est\u00e1n en su casa en horario laboral y que tienen una l\u00ednea telef\u00f3nica fija. Me f\u00edo yo de la representaci\u00f3n estad\u00edstica.<br \/>\n[2]. L\u00e9ase estafa mafiosa consentida por los gobiernos y fomentada por los privilegiados ladrones que controlan la econom\u00eda.<br \/>\n[3]. Siempre es bueno encontrar una v\u00edctima propiciatoria sobre cuyas espaldas descargar la responsabilidad de los problemas.<br \/>\n[4]. \u00ab<a href=\"http:\/\/www.elpais.es\/articulo\/espana\/Empresarios\/sindicatos\/ONG\/afirman\/hay\/trabajo\/inmigrantes\/elpporesp\/20060912elpepinac_3\/Tes\/ \" target=\"_blank\">Empresarios, sindicatos y ONG afirman que s\u00ed hay trabajo para m\u00e1s inmigrantes<\/a>\u00bb (El Pa\u00eds)<br \/>\n[5]. \u00ab<a href=\"http:\/\/mimosa.cnice.mecd.es\/~mgarciaa\/debates\/deb_4.htm\" target=\"_blank\">Hacia una escolarizaci\u00f3n equilibrada de los inmigrantes<\/a>\u00bb (Jes\u00fas Ib\u00e1\u00f1ez Bueno, Apas-Chamber\u00ed)<\/p>\n","protected":false},"excerpt":{"rendered":"<p>Dicen las encuestas que la primera \u201cpreocupaci\u00f3n\u201d de los ciudadanos espa\u00f1oles es la inmigraci\u00f3n[1]. Pero no en el sentido de estar preocupados por la \u00ednfimas condiciones humanitarias que padecen los inmigrantes que se hacinan en las instalaciones de nuestras fronteras, no. Preocupaci\u00f3n en sentido xen\u00f3fobo, aunque nadie lo dice pero todo el mundo lo piensa.&hellip;&nbsp;<a href=\"https:\/\/junjan.org\/wordpress\/2006\/09\/espaoles_preocupados\/\" rel=\"bookmark\">Leer m\u00e1s &raquo;<span class=\"screen-reader-text\">Espa\u00f1oles preocupados<\/span><\/a><\/p>\n","protected":false},"author":1,"featured_media":0,"comment_status":"open","ping_status":"open","sticky":false,"template":"","format":"standard","meta":{"neve_meta_sidebar":"","neve_meta_container":"","neve_meta_enable_content_width":"","neve_meta_content_width":0,"neve_meta_title_alignment":"","neve_meta_author_avatar":"","neve_post_elements_order":"","neve_meta_disable_header":"","neve_meta_disable_footer":"","neve_meta_disable_title":"","footnotes":""},"categories":[5],"tags":[726,660,760],"class_list":["post-830","post","type-post","status-publish","format-standard","hentry","category-actualidad","tag-inmigracion","tag-racismo","tag-xenofobia"],"_links":{"self":[{"href":"https:\/\/junjan.org\/wordpress\/wp-json\/wp\/v2\/posts\/830","targetHints":{"allow":["GET"]}}],"collection":[{"href":"https:\/\/junjan.org\/wordpress\/wp-json\/wp\/v2\/posts"}],"about":[{"href":"https:\/\/junjan.org\/wordpress\/wp-json\/wp\/v2\/types\/post"}],"author":[{"embeddable":true,"href":"https:\/\/junjan.org\/wordpress\/wp-json\/wp\/v2\/users\/1"}],"replies":[{"embeddable":true,"href":"https:\/\/junjan.org\/wordpress\/wp-json\/wp\/v2\/comments?post=830"}],"version-history":[{"count":2,"href":"https:\/\/junjan.org\/wordpress\/wp-json\/wp\/v2\/posts\/830\/revisions"}],"predecessor-version":[{"id":1464,"href":"https:\/\/junjan.org\/wordpress\/wp-json\/wp\/v2\/posts\/830\/revisions\/1464"}],"wp:attachment":[{"href":"https:\/\/junjan.org\/wordpress\/wp-json\/wp\/v2\/media?parent=830"}],"wp:term":[{"taxonomy":"category","embeddable":true,"href":"https:\/\/junjan.org\/wordpress\/wp-json\/wp\/v2\/categories?post=830"},{"taxonomy":"post_tag","embeddable":true,"href":"https:\/\/junjan.org\/wordpress\/wp-json\/wp\/v2\/tags?post=830"}],"curies":[{"name":"wp","href":"https:\/\/api.w.org\/{rel}","templated":true}]}}