{"id":835,"date":"2006-10-15T10:17:32","date_gmt":"2006-10-15T10:17:32","guid":{"rendered":"http:\/\/junjan.org\/wordpress\/?p=835"},"modified":"2006-10-15T10:17:32","modified_gmt":"2006-10-15T10:17:32","slug":"poltica_multimedia","status":"publish","type":"post","link":"https:\/\/junjan.org\/wordpress\/2006\/10\/poltica_multimedia\/","title":{"rendered":"Pol\u00edtica multimedia"},"content":{"rendered":"<p>\u00bfQu\u00e9 significa que el peri\u00f3dico El Pa\u00eds (edici\u00f3n Catalu\u00f1a) regale hoy con su revista semanal un DVD producido por \u00abConvergencia i Uni\u00f3\u00bb que trata sobre las maldades del tripartito?<br \/>\nHummm Espera&#8230;<br \/>\nParece que se \u00abregala\u00bb con <strong>todos<\/strong> los peri\u00f3dicos de Catalu\u00f1a. \u00bfEs obligatorio? \u00bfPor qu\u00e9 han accedido todos a ser usados como plataforma pol\u00edtica de CiU?<br \/>\nLo \u00fanico cierto es que la SGAE se va a forrar.<\/p>\n","protected":false},"excerpt":{"rendered":"<p>\u00bfQu\u00e9 significa que el peri\u00f3dico El Pa\u00eds (edici\u00f3n Catalu\u00f1a) regale hoy con su revista semanal un DVD producido por \u00abConvergencia i Uni\u00f3\u00bb que trata sobre las maldades del tripartito? Hummm Espera&#8230; Parece que se \u00abregala\u00bb con todos los peri\u00f3dicos de Catalu\u00f1a. \u00bfEs obligatorio? \u00bfPor qu\u00e9 han accedido todos a ser usados como plataforma pol\u00edtica de&hellip;&nbsp;<a href=\"https:\/\/junjan.org\/wordpress\/2006\/10\/poltica_multimedia\/\" rel=\"bookmark\">Leer m\u00e1s &raquo;<span class=\"screen-reader-text\">Pol\u00edtica multimedia<\/span><\/a><\/p>\n","protected":false},"author":1,"featured_media":0,"comment_status":"open","ping_status":"open","sticky":false,"template":"","format":"standard","meta":{"neve_meta_sidebar":"","neve_meta_container":"","neve_meta_enable_content_width":"","neve_meta_content_width":0,"neve_meta_title_alignment":"","neve_meta_author_avatar":"","neve_post_elements_order":"","neve_meta_disable_header":"","neve_meta_disable_footer":"","neve_meta_disable_title":"","footnotes":""},"categories":[84],"tags":[265],"class_list":["post-835","post","type-post","status-publish","format-standard","hentry","category-divagaciones","tag-politica-cataluna"],"_links":{"self":[{"href":"https:\/\/junjan.org\/wordpress\/wp-json\/wp\/v2\/posts\/835","targetHints":{"allow":["GET"]}}],"collection":[{"href":"https:\/\/junjan.org\/wordpress\/wp-json\/wp\/v2\/posts"}],"about":[{"href":"https:\/\/junjan.org\/wordpress\/wp-json\/wp\/v2\/types\/post"}],"author":[{"embeddable":true,"href":"https:\/\/junjan.org\/wordpress\/wp-json\/wp\/v2\/users\/1"}],"replies":[{"embeddable":true,"href":"https:\/\/junjan.org\/wordpress\/wp-json\/wp\/v2\/comments?post=835"}],"version-history":[{"count":0,"href":"https:\/\/junjan.org\/wordpress\/wp-json\/wp\/v2\/posts\/835\/revisions"}],"wp:attachment":[{"href":"https:\/\/junjan.org\/wordpress\/wp-json\/wp\/v2\/media?parent=835"}],"wp:term":[{"taxonomy":"category","embeddable":true,"href":"https:\/\/junjan.org\/wordpress\/wp-json\/wp\/v2\/categories?post=835"},{"taxonomy":"post_tag","embeddable":true,"href":"https:\/\/junjan.org\/wordpress\/wp-json\/wp\/v2\/tags?post=835"}],"curies":[{"name":"wp","href":"https:\/\/api.w.org\/{rel}","templated":true}]}}