{"id":836,"date":"2006-10-15T14:08:19","date_gmt":"2006-10-15T14:08:19","guid":{"rendered":"http:\/\/junjan.org\/wordpress\/?p=836"},"modified":"2011-06-18T20:50:17","modified_gmt":"2011-06-18T18:50:17","slug":"monrquicos_y_babosos_vi","status":"publish","type":"post","link":"https:\/\/junjan.org\/wordpress\/2006\/10\/monrquicos_y_babosos_vi\/","title":{"rendered":"Mon\u00e1rquicos y babosos (VI)"},"content":{"rendered":"<p>\u00ab<a href=\"http:\/\/www.elpais.es\/articulo\/portada\/sueno\/Principe\/elpepspor\/20061015elpepspor_6\/Tes\/\" target=\"_blank\">El sue\u00f1o del Pr\u00edncipe<\/a>\u00bb (El Pa\u00eds Semanal &#8211; Diario Nacional-Mon\u00e1rquico)<\/p>\n<blockquote><p>\u00abLo mismo piensa la Princesa, que un d\u00eda se defini\u00f3 como asturiana, ovetense, mon\u00e1rquica y principista. Do\u00f1a Letizia tem\u00eda el momento de enfrentarse a los premios. Un acto que conoce desde ni\u00f1a y siempre la emocion\u00f3. Hasta el extremo de salt\u00e1rsele las l\u00e1grimas ante los gemidos de las gaitas asturianas mientras transmit\u00eda por televisi\u00f3n la edici\u00f3n de 2002. Sab\u00eda que en Oviedo pod\u00eda derrumbarse. Llor\u00f3 mucho en las v\u00edsperas del 22 de octubre de 2004. Y esa tarde, en el teatro Campoamor, aguant\u00f3 con la cabeza baja y los pu\u00f1os crispados, un nudo en el est\u00f3mago y la garganta reseca, el emotivo discurso del Pr\u00edncipe. Si empezaba a llorar, ya no podr\u00eda parar. Don Felipe estuvo tentado de detener su discurso, pero prefiri\u00f3 seguir adelante. Concluy\u00f3 con estas palabras, en las que comparaba la fundaci\u00f3n con un \u00e1rbol, \u201cque a partir de ahora contar\u00e1 tambi\u00e9n con el cuidado y la ayuda entregada de mi esposa, Leticia, la princesa de Asturias\u201d. Despu\u00e9s vendr\u00edan muchas l\u00e1grimas. Pero en privado.\u00bb<\/p><\/blockquote>\n<p>Y los \u00e1ngeles rodeando a la sagrada pareja entonaron una canci\u00f3n que los cien mil gaiteros de la guardia real acompa\u00f1aron entre gozo infinito&#8230;. \u00a1Ay mi est\u00f3mago!<\/p>\n","protected":false},"excerpt":{"rendered":"<p>\u00abEl sue\u00f1o del Pr\u00edncipe\u00bb (El Pa\u00eds Semanal &#8211; Diario Nacional-Mon\u00e1rquico) \u00abLo mismo piensa la Princesa, que un d\u00eda se defini\u00f3 como asturiana, ovetense, mon\u00e1rquica y principista. Do\u00f1a Letizia tem\u00eda el momento de enfrentarse a los premios. Un acto que conoce desde ni\u00f1a y siempre la emocion\u00f3. Hasta el extremo de salt\u00e1rsele las l\u00e1grimas ante los&hellip;&nbsp;<a href=\"https:\/\/junjan.org\/wordpress\/2006\/10\/monrquicos_y_babosos_vi\/\" rel=\"bookmark\">Leer m\u00e1s &raquo;<span class=\"screen-reader-text\">Mon\u00e1rquicos y babosos (VI)<\/span><\/a><\/p>\n","protected":false},"author":1,"featured_media":0,"comment_status":"open","ping_status":"open","sticky":false,"template":"","format":"standard","meta":{"neve_meta_sidebar":"","neve_meta_container":"","neve_meta_enable_content_width":"","neve_meta_content_width":0,"neve_meta_title_alignment":"","neve_meta_author_avatar":"","neve_post_elements_order":"","neve_meta_disable_header":"","neve_meta_disable_footer":"","neve_meta_disable_title":"","footnotes":""},"categories":[84],"tags":[779,781,780],"class_list":["post-836","post","type-post","status-publish","format-standard","hentry","category-divagaciones","tag-felipe","tag-letizia","tag-principe"],"_links":{"self":[{"href":"https:\/\/junjan.org\/wordpress\/wp-json\/wp\/v2\/posts\/836","targetHints":{"allow":["GET"]}}],"collection":[{"href":"https:\/\/junjan.org\/wordpress\/wp-json\/wp\/v2\/posts"}],"about":[{"href":"https:\/\/junjan.org\/wordpress\/wp-json\/wp\/v2\/types\/post"}],"author":[{"embeddable":true,"href":"https:\/\/junjan.org\/wordpress\/wp-json\/wp\/v2\/users\/1"}],"replies":[{"embeddable":true,"href":"https:\/\/junjan.org\/wordpress\/wp-json\/wp\/v2\/comments?post=836"}],"version-history":[{"count":2,"href":"https:\/\/junjan.org\/wordpress\/wp-json\/wp\/v2\/posts\/836\/revisions"}],"predecessor-version":[{"id":1540,"href":"https:\/\/junjan.org\/wordpress\/wp-json\/wp\/v2\/posts\/836\/revisions\/1540"}],"wp:attachment":[{"href":"https:\/\/junjan.org\/wordpress\/wp-json\/wp\/v2\/media?parent=836"}],"wp:term":[{"taxonomy":"category","embeddable":true,"href":"https:\/\/junjan.org\/wordpress\/wp-json\/wp\/v2\/categories?post=836"},{"taxonomy":"post_tag","embeddable":true,"href":"https:\/\/junjan.org\/wordpress\/wp-json\/wp\/v2\/tags?post=836"}],"curies":[{"name":"wp","href":"https:\/\/api.w.org\/{rel}","templated":true}]}}