{"id":838,"date":"2006-10-29T19:55:13","date_gmt":"2006-10-29T19:55:13","guid":{"rendered":"http:\/\/junjan.org\/wordpress\/?p=838"},"modified":"2006-10-29T19:55:13","modified_gmt":"2006-10-29T19:55:13","slug":"realidades_paralelas_iv","status":"publish","type":"post","link":"https:\/\/junjan.org\/wordpress\/2006\/10\/realidades_paralelas_iv\/","title":{"rendered":"Realidades paralelas IV"},"content":{"rendered":"<p>Cuando muchas manifestaciones por cutres que sean adquieren \u00abproporciones hom\u00e9ricas\u00bb:http:\/\/www.elmundo.es\/elmundo\/2006\/10\/01\/espana\/1159699839.html en los medios de comunicaci\u00f3n masiva, resulta harto sorprendente que otras pasen totalmente desapercibidas.<br \/>\nLas manifestaciones de ayer en Madrid, Barcelona y Bilbao reclamando pol\u00edticas que nos permitan tener una vivienda digna sin vivir en la miseria son claro ejemplo. A\u00fan a pesar de estar formadas por miles de personas, <strong>no han existido<\/strong>. Cuando \u00abEl Pa\u00eds\u00bb:http:\/\/www.elpais.es\/articulo\/espana\/Miles\/jovenes\/manifiestan\/Madrid\/pedir\/vivienda\/digna\/elpporesp\/20061028elpepunac_6\/Tes\/  y \u00abEl Mundo\u00bb:http:\/\/www.elmundo.es\/elmundo\/2006\/10\/28\/madrid\/1162056404.html recurren a textos de agencia la cosa es que tiene menos respaldo \u00abcorporativo\u00bb  (y ergo pol\u00edtico) que la adecuaci\u00f3n del metro de Barcelona para discapacitados, o sea, nada, cero pelotero. Adem\u00e1s, al haber sido manifestaciones pac\u00edficas la cosa se pone peor, ya no se puede acusar a los manifestantes de ser una chusma anti-sistema, con lo que el inter\u00e9s informativo decrece exponencialmente.<br \/>\n<img loading=\"lazy\" decoding=\"async\" title=\"Vivienda puta\" alt=\"vivienda_puta.jpg\" src=\"http:\/\/www.junjan.org\/weblog\/images\/vivienda_puta.jpg\" width=\"421\" height=\"596\" \/><br \/>\nVer:<br \/>\n\u00ac \u00abV de Vivienda\u00bb:http:\/\/www.vdevivienda.net\/<br \/>\n\u00ac \u00ab20.000 Personas se manifiestan en Madrid, Porque la vivienda es un Derecho, no un Negocio.\u00bb:http:\/\/www.kaosenlared.net\/noticia.php?id_noticia=25687 (KaosenlaRed)<br \/>\n\u00ac V\u00eddeo de \u00abhistoria ficci\u00f3n\u00bb \u00abRealidades Avanzadas\u00bb:http:\/\/video.google.com\/videoplay?docid=-6373483713122419675&#038;q=Realidades+avanzadas&#038;hl=en que incluye grabaciones con c\u00e1mara oculta de la triste realidad de la estafa inmobiliaria (Google Video)<br \/>\n\u00ac \u00abSobre el v\u00eddeo censurado en youtube: Ficci\u00f3n sobre la realidad de la vivienda\u00bb:http:\/\/burbuja.info\/inmobiliaria\/showthread.php?t=21740<\/p>\n","protected":false},"excerpt":{"rendered":"<p>Cuando muchas manifestaciones por cutres que sean adquieren \u00abproporciones hom\u00e9ricas\u00bb:http:\/\/www.elmundo.es\/elmundo\/2006\/10\/01\/espana\/1159699839.html en los medios de comunicaci\u00f3n masiva, resulta harto sorprendente que otras pasen totalmente desapercibidas. Las manifestaciones de ayer en Madrid, Barcelona y Bilbao reclamando pol\u00edticas que nos permitan tener una vivienda digna sin vivir en la miseria son claro ejemplo. A\u00fan a pesar de estar&hellip;&nbsp;<a href=\"https:\/\/junjan.org\/wordpress\/2006\/10\/realidades_paralelas_iv\/\" rel=\"bookmark\">Leer m\u00e1s &raquo;<span class=\"screen-reader-text\">Realidades paralelas IV<\/span><\/a><\/p>\n","protected":false},"author":1,"featured_media":0,"comment_status":"open","ping_status":"open","sticky":false,"template":"","format":"standard","meta":{"neve_meta_sidebar":"","neve_meta_container":"","neve_meta_enable_content_width":"","neve_meta_content_width":0,"neve_meta_title_alignment":"","neve_meta_author_avatar":"","neve_post_elements_order":"","neve_meta_disable_header":"","neve_meta_disable_footer":"","neve_meta_disable_title":"","footnotes":""},"categories":[5],"tags":[],"class_list":["post-838","post","type-post","status-publish","format-standard","hentry","category-actualidad"],"_links":{"self":[{"href":"https:\/\/junjan.org\/wordpress\/wp-json\/wp\/v2\/posts\/838","targetHints":{"allow":["GET"]}}],"collection":[{"href":"https:\/\/junjan.org\/wordpress\/wp-json\/wp\/v2\/posts"}],"about":[{"href":"https:\/\/junjan.org\/wordpress\/wp-json\/wp\/v2\/types\/post"}],"author":[{"embeddable":true,"href":"https:\/\/junjan.org\/wordpress\/wp-json\/wp\/v2\/users\/1"}],"replies":[{"embeddable":true,"href":"https:\/\/junjan.org\/wordpress\/wp-json\/wp\/v2\/comments?post=838"}],"version-history":[{"count":0,"href":"https:\/\/junjan.org\/wordpress\/wp-json\/wp\/v2\/posts\/838\/revisions"}],"wp:attachment":[{"href":"https:\/\/junjan.org\/wordpress\/wp-json\/wp\/v2\/media?parent=838"}],"wp:term":[{"taxonomy":"category","embeddable":true,"href":"https:\/\/junjan.org\/wordpress\/wp-json\/wp\/v2\/categories?post=838"},{"taxonomy":"post_tag","embeddable":true,"href":"https:\/\/junjan.org\/wordpress\/wp-json\/wp\/v2\/tags?post=838"}],"curies":[{"name":"wp","href":"https:\/\/api.w.org\/{rel}","templated":true}]}}