{"id":841,"date":"2006-11-17T12:00:43","date_gmt":"2006-11-17T12:00:43","guid":{"rendered":"http:\/\/junjan.org\/wordpress\/?p=841"},"modified":"2006-11-17T12:00:43","modified_gmt":"2006-11-17T12:00:43","slug":"libertarios_del_mundo","status":"publish","type":"post","link":"https:\/\/junjan.org\/wordpress\/2006\/11\/libertarios_del_mundo\/","title":{"rendered":"Libertarios del mundo"},"content":{"rendered":"<p>Amando de Miguel, ese pedazo de soci\u00f3logo, nos deleita asiduamente con hondas reflexiones desde Libertad Digital. Su \u00faltimo art\u00edculo es [\u00abrealmente delirante\u00bb:http:\/\/www.libertaddigital.com\/opiniones\/opi_desa_34357.html]. La introducci\u00f3n al art\u00edculo es ya antol\u00f3gica. Amando, que es \u00ablibertario\u00bb, con otros colegillas libertarios se reuni\u00f3 en un mitin del PP y expuso a la audiencia sus diez razones para no votar a la izquierda (y ergo votar al PP).<br \/>\nRecordar que libertario seg\u00fan la real academia es aquel \u00abque defiende la libertad absoluta y, por lo tanto, la supresi\u00f3n de todo gobierno y de toda ley.\u00bb En la Wikipedia nos lo explican:<\/p>\n<blockquote><p>\u00abLibertario o libertaria es una palabra que se utiliza como sin\u00f3nimo de anarquista; usado por primera vez por el franc\u00e9s Joseph Dejacqu\u00e9 contempor\u00e1neo de Pierre-Joseph Proudhon (el primer autodenominado anarquista).Viene de la palabra libertad, y puede interpretarse como el (o la) partidario de la libertad. La palabra fue vuelta a emplear y popularizada por Sebasti\u00e1n Faure al empezar a dictarse en Europa y luego en Estados Unidos leyes antianarquistas, ya que con tal palabra pod\u00edan evadir los controles de las autoridades. De tal manera libertario se convirti\u00f3 en sin\u00f3nimo de anarquista en las principales lenguas del planeta.\u00bb<\/p><\/blockquote>\n<p>Cabe preguntarse que co\u00f1o hace un libertario pidiendo el voto para el PP.<br \/>\nLo delirante son sus razones. Me voy a concentrar en el punto segundo, donde expone juntas todas las paranoias de la derechona m\u00e1s recalcitrante y dice:<\/p>\n<blockquote><p>\u00abNo estamos ya ante la vieja izquierda de las nacionalizaciones de las grandes empresas y el reparto de tierras. <strong>Ahora la izquierda radical que nos gobierna en Espa\u00f1a es la que favorece las pretensiones de los colectivos feministas, ecologistas, fundamentalistas, homosexuales. <\/strong>En el plano internacional destaca el resentimiento contra los Estados Unidos y en general contra la cultura occidental para orientarse hacia las dictaduras y populismos de toda laya. En el plano nacional esa izquierda se entiende muy bien con los nacionalismos secesionistas, incluso con la banda terrorista vasca. Es un extra\u00f1o Gobierno de Espa\u00f1a que se desentiende de Espa\u00f1a.\u00bb<\/p><\/blockquote>\n<p>Toma libertario. Parece que todos somos como \u00abEl Chepa\u00bb de Acci\u00f3n Mutante, enanos jorobados, jud\u00edos, masones, comunistas y presuntamente homosexuales.<\/p>\n","protected":false},"excerpt":{"rendered":"<p>Amando de Miguel, ese pedazo de soci\u00f3logo, nos deleita asiduamente con hondas reflexiones desde Libertad Digital. Su \u00faltimo art\u00edculo es [\u00abrealmente delirante\u00bb:http:\/\/www.libertaddigital.com\/opiniones\/opi_desa_34357.html]. La introducci\u00f3n al art\u00edculo es ya antol\u00f3gica. Amando, que es \u00ablibertario\u00bb, con otros colegillas libertarios se reuni\u00f3 en un mitin del PP y expuso a la audiencia sus diez razones para no votar&hellip;&nbsp;<a href=\"https:\/\/junjan.org\/wordpress\/2006\/11\/libertarios_del_mundo\/\" rel=\"bookmark\">Leer m\u00e1s &raquo;<span class=\"screen-reader-text\">Libertarios del mundo<\/span><\/a><\/p>\n","protected":false},"author":1,"featured_media":0,"comment_status":"open","ping_status":"open","sticky":false,"template":"","format":"standard","meta":{"neve_meta_sidebar":"","neve_meta_container":"","neve_meta_enable_content_width":"","neve_meta_content_width":0,"neve_meta_title_alignment":"","neve_meta_author_avatar":"","neve_post_elements_order":"","neve_meta_disable_header":"","neve_meta_disable_footer":"","neve_meta_disable_title":"","footnotes":""},"categories":[84],"tags":[270],"class_list":["post-841","post","type-post","status-publish","format-standard","hentry","category-divagaciones","tag-amando-de-miguel-libertad-digital-losantos"],"_links":{"self":[{"href":"https:\/\/junjan.org\/wordpress\/wp-json\/wp\/v2\/posts\/841","targetHints":{"allow":["GET"]}}],"collection":[{"href":"https:\/\/junjan.org\/wordpress\/wp-json\/wp\/v2\/posts"}],"about":[{"href":"https:\/\/junjan.org\/wordpress\/wp-json\/wp\/v2\/types\/post"}],"author":[{"embeddable":true,"href":"https:\/\/junjan.org\/wordpress\/wp-json\/wp\/v2\/users\/1"}],"replies":[{"embeddable":true,"href":"https:\/\/junjan.org\/wordpress\/wp-json\/wp\/v2\/comments?post=841"}],"version-history":[{"count":0,"href":"https:\/\/junjan.org\/wordpress\/wp-json\/wp\/v2\/posts\/841\/revisions"}],"wp:attachment":[{"href":"https:\/\/junjan.org\/wordpress\/wp-json\/wp\/v2\/media?parent=841"}],"wp:term":[{"taxonomy":"category","embeddable":true,"href":"https:\/\/junjan.org\/wordpress\/wp-json\/wp\/v2\/categories?post=841"},{"taxonomy":"post_tag","embeddable":true,"href":"https:\/\/junjan.org\/wordpress\/wp-json\/wp\/v2\/tags?post=841"}],"curies":[{"name":"wp","href":"https:\/\/api.w.org\/{rel}","templated":true}]}}