{"id":852,"date":"2007-01-03T12:46:11","date_gmt":"2007-01-03T11:46:11","guid":{"rendered":"http:\/\/junjan.org\/wordpress\/?p=852"},"modified":"2011-05-24T23:11:21","modified_gmt":"2011-05-24T21:11:21","slug":"desfachatez","status":"publish","type":"post","link":"https:\/\/junjan.org\/wordpress\/2007\/01\/desfachatez\/","title":{"rendered":"Desfachatez"},"content":{"rendered":"<p>Tras ver ayer a \u00abZaplana en la tele\u00bb:http:\/\/www.youtube.com\/watch?v=kuJCTGgvKfA&#038;eurl= y observar la desfachatez con la que acusa a otros de lo mismo que ellos hicieron no hace tanto tiempo, s\u00f3lo quiero recordar un par de hitos hist\u00f3ricos del pasado reciente.  Asesinatos ocurridos gracias a las negociaciones del gobierno de Aznar con ETA en ese remoto pasado que Zaplana ya ha olvidado.<\/p>\n<blockquote><p>\n\u00ab22 de febrero de 2000, Fernando Buesa Blanco, y su escolta, el erztaina Jorge D\u00edez Elorza, murieron por la explosi\u00f3n en de un coche-bomba cargado con 20 kilos de explosivos. Explosivos que se robaron durante la \u00abtregua\u00bb.\u00bb<\/p><\/blockquote>\n<blockquote><p>\u00abEl etarra Ignacio Bilbao Goikoetxea, Basur, sali\u00f3 de la c\u00e1rcel en septiembre de 2000, (estaba condenado a 52 a\u00f1os de prisi\u00f3n que fueron reducidos a 30 por efecto de la acumulaci\u00f3n de penas y de los que cumpli\u00f3 solamente 17 gracias al precio pol\u00edtico que pagaba Aznar en aquella \u00e9poca). El 21 de marzo de 2002, asesinaba al concejal socialista de la localidad de Orio Juan Priede P\u00e9rez.\u00bb<\/p><\/blockquote>\n<p>Ver:<br \/>\n&#8211; Repaso hist\u00f3rico completo en [\u00abLos Genoveses\u00bb:http:\/\/www.losgenoveses.net\/Biografia\/politicaantiterrorista1.htm], tambi\u00e9n resumen en PDF: \u00abEl Diario de la Memoria\u00bb:http:\/\/www.junjan.org\/weblog\/documents\/El_Diario_de_la_Memoria.pdf<\/p>\n","protected":false},"excerpt":{"rendered":"<p>Tras ver ayer a \u00abZaplana en la tele\u00bb:http:\/\/www.youtube.com\/watch?v=kuJCTGgvKfA&#038;eurl= y observar la desfachatez con la que acusa a otros de lo mismo que ellos hicieron no hace tanto tiempo, s\u00f3lo quiero recordar un par de hitos hist\u00f3ricos del pasado reciente. Asesinatos ocurridos gracias a las negociaciones del gobierno de Aznar con ETA en ese remoto pasado&hellip;&nbsp;<a href=\"https:\/\/junjan.org\/wordpress\/2007\/01\/desfachatez\/\" rel=\"bookmark\">Leer m\u00e1s &raquo;<span class=\"screen-reader-text\">Desfachatez<\/span><\/a><\/p>\n","protected":false},"author":1,"featured_media":0,"comment_status":"open","ping_status":"open","sticky":false,"template":"","format":"standard","meta":{"neve_meta_sidebar":"","neve_meta_container":"","neve_meta_enable_content_width":"","neve_meta_content_width":0,"neve_meta_title_alignment":"","neve_meta_author_avatar":"","neve_post_elements_order":"","neve_meta_disable_header":"","neve_meta_disable_footer":"","neve_meta_disable_title":"","footnotes":""},"categories":[84],"tags":[509,507,636,56],"class_list":["post-852","post","type-post","status-publish","format-standard","hentry","category-divagaciones","tag-eta","tag-pp","tag-tregua","tag-zaplana"],"_links":{"self":[{"href":"https:\/\/junjan.org\/wordpress\/wp-json\/wp\/v2\/posts\/852","targetHints":{"allow":["GET"]}}],"collection":[{"href":"https:\/\/junjan.org\/wordpress\/wp-json\/wp\/v2\/posts"}],"about":[{"href":"https:\/\/junjan.org\/wordpress\/wp-json\/wp\/v2\/types\/post"}],"author":[{"embeddable":true,"href":"https:\/\/junjan.org\/wordpress\/wp-json\/wp\/v2\/users\/1"}],"replies":[{"embeddable":true,"href":"https:\/\/junjan.org\/wordpress\/wp-json\/wp\/v2\/comments?post=852"}],"version-history":[{"count":1,"href":"https:\/\/junjan.org\/wordpress\/wp-json\/wp\/v2\/posts\/852\/revisions"}],"predecessor-version":[{"id":1313,"href":"https:\/\/junjan.org\/wordpress\/wp-json\/wp\/v2\/posts\/852\/revisions\/1313"}],"wp:attachment":[{"href":"https:\/\/junjan.org\/wordpress\/wp-json\/wp\/v2\/media?parent=852"}],"wp:term":[{"taxonomy":"category","embeddable":true,"href":"https:\/\/junjan.org\/wordpress\/wp-json\/wp\/v2\/categories?post=852"},{"taxonomy":"post_tag","embeddable":true,"href":"https:\/\/junjan.org\/wordpress\/wp-json\/wp\/v2\/tags?post=852"}],"curies":[{"name":"wp","href":"https:\/\/api.w.org\/{rel}","templated":true}]}}