{"id":855,"date":"2007-01-05T18:01:35","date_gmt":"2007-01-05T18:01:35","guid":{"rendered":"http:\/\/junjan.org\/wordpress\/?p=855"},"modified":"2007-01-05T18:01:35","modified_gmt":"2007-01-05T18:01:35","slug":"por_la_paz","status":"publish","type":"post","link":"https:\/\/junjan.org\/wordpress\/2007\/01\/por_la_paz\/","title":{"rendered":"Por la paz"},"content":{"rendered":"<p>\u00abFederaci\u00f3n de asociaciones de Ecuatorianos en Espa\u00f1a, CC.OO. y UGT de Madrid convocan una manifestaci\u00f3n por la paz y contra el terrorismo para el d\u00eda 13 de enero, a las 18.00 horas\u00bb:http:\/\/www.madridsindical.es\/artavan-bin\/QuorumEC\/init<\/p>\n<blockquote><p>Los sindicatos de clase, comprenden las manifestaciones de desprecio, dolor e indignaci\u00f3n contra el atentado terrorista, pero rechazan cualquier instrumentaci\u00f3n pol\u00edtica del dolor, al tiempo que reiteramos nuestro apoyo a las instituciones democr\u00e1ticas, as\u00ed como manifestamos nuestra voluntad de impulsar una movilizaci\u00f3n unitaria de toda la sociedad madrile\u00f1a.<br \/>\nPor todo lo anterior ambas organizaciones hemos presentado una solicitud a la Delegaci\u00f3n del Gobierno, convocando a todos los trabajadores a la manifestaci\u00f3n por la paz y contra el terrorismo, que tendr\u00e1 lugar en Madrid, el pr\u00f3ximo s\u00e1bado, 13 de enero, a las 18.00 horas, entre Col\u00f3n y la Puerta de Alcal\u00e1.<\/p><\/blockquote>\n","protected":false},"excerpt":{"rendered":"<p>\u00abFederaci\u00f3n de asociaciones de Ecuatorianos en Espa\u00f1a, CC.OO. y UGT de Madrid convocan una manifestaci\u00f3n por la paz y contra el terrorismo para el d\u00eda 13 de enero, a las 18.00 horas\u00bb:http:\/\/www.madridsindical.es\/artavan-bin\/QuorumEC\/init Los sindicatos de clase, comprenden las manifestaciones de desprecio, dolor e indignaci\u00f3n contra el atentado terrorista, pero rechazan cualquier instrumentaci\u00f3n pol\u00edtica del dolor,&hellip;&nbsp;<a href=\"https:\/\/junjan.org\/wordpress\/2007\/01\/por_la_paz\/\" rel=\"bookmark\">Leer m\u00e1s &raquo;<span class=\"screen-reader-text\">Por la paz<\/span><\/a><\/p>\n","protected":false},"author":1,"featured_media":0,"comment_status":"open","ping_status":"open","sticky":false,"template":"","format":"standard","meta":{"neve_meta_sidebar":"","neve_meta_container":"","neve_meta_enable_content_width":"","neve_meta_content_width":0,"neve_meta_title_alignment":"","neve_meta_author_avatar":"","neve_post_elements_order":"","neve_meta_disable_header":"","neve_meta_disable_footer":"","neve_meta_disable_title":"","footnotes":""},"categories":[5],"tags":[284],"class_list":["post-855","post","type-post","status-publish","format-standard","hentry","category-actualidad","tag-terrorismo-manifestacion-eta-atentado"],"_links":{"self":[{"href":"https:\/\/junjan.org\/wordpress\/wp-json\/wp\/v2\/posts\/855","targetHints":{"allow":["GET"]}}],"collection":[{"href":"https:\/\/junjan.org\/wordpress\/wp-json\/wp\/v2\/posts"}],"about":[{"href":"https:\/\/junjan.org\/wordpress\/wp-json\/wp\/v2\/types\/post"}],"author":[{"embeddable":true,"href":"https:\/\/junjan.org\/wordpress\/wp-json\/wp\/v2\/users\/1"}],"replies":[{"embeddable":true,"href":"https:\/\/junjan.org\/wordpress\/wp-json\/wp\/v2\/comments?post=855"}],"version-history":[{"count":0,"href":"https:\/\/junjan.org\/wordpress\/wp-json\/wp\/v2\/posts\/855\/revisions"}],"wp:attachment":[{"href":"https:\/\/junjan.org\/wordpress\/wp-json\/wp\/v2\/media?parent=855"}],"wp:term":[{"taxonomy":"category","embeddable":true,"href":"https:\/\/junjan.org\/wordpress\/wp-json\/wp\/v2\/categories?post=855"},{"taxonomy":"post_tag","embeddable":true,"href":"https:\/\/junjan.org\/wordpress\/wp-json\/wp\/v2\/tags?post=855"}],"curies":[{"name":"wp","href":"https:\/\/api.w.org\/{rel}","templated":true}]}}