{"id":857,"date":"2007-01-05T19:27:33","date_gmt":"2007-01-05T18:27:33","guid":{"rendered":"http:\/\/junjan.org\/wordpress\/?p=857"},"modified":"2011-05-24T23:05:49","modified_gmt":"2011-05-24T21:05:49","slug":"vctimas_o_verdugos","status":"publish","type":"post","link":"https:\/\/junjan.org\/wordpress\/2007\/01\/vctimas_o_verdugos\/","title":{"rendered":"\u00bfV\u00edctimas o Verdugos?"},"content":{"rendered":"<p>\u00a1Qu\u00e9 sorpresa!<br \/>\nLa AVT acaba de lanzar un \u00abcomunicado\u00bb:http:\/\/www.avt.org\/noticias.asp?id=216 donde dice que: <\/p>\n<blockquote><p>\u00abNo puede adherirse a la manifestaci\u00f3n combocada por la Federaci\u00f3n de asociaciones de Ecuatorianos en Espa\u00f1a, CCOO y UGT.\u00bb <\/p><\/blockquote>\n<p>Ya que:<\/p>\n<blockquote><p>\u00abEllos s\u00f3lo convocan y apoyan aquellas iniciativas que condenan el terrorismo con claridad, rechazan cualquier negociaci\u00f3n con ETA y exigen una rectificaci\u00f3n en la pol\u00edtica antiterrorista del actual Gobierno.\u00bb<\/p><\/blockquote>\n<p>Adem\u00e1s, y en su linea -a- normal, recomiendan:<\/p>\n<blockquote><p>La AVT aprovecha este comunicado para animar a todos los ciudadanos a que acudan, como todos los d\u00edas once de cada mes, a las concentraciones del pr\u00f3ximo 11 de enero convocadas <strong>por el movimiento c\u00edvico Peones Negros<\/strong>. Adem\u00e1s de exigir que se sepa toda la verdad sobre el macabro atentado del 11 de marzo, es una nueva oportunidad para condenar el atentado de Barajas y apoyar a las v\u00edctimas del terrorismo.<\/p><\/blockquote>\n<p>Movimiento c\u00edvico, lo que hay que oir.<\/p>\n","protected":false},"excerpt":{"rendered":"<p>\u00a1Qu\u00e9 sorpresa! La AVT acaba de lanzar un \u00abcomunicado\u00bb:http:\/\/www.avt.org\/noticias.asp?id=216 donde dice que: \u00abNo puede adherirse a la manifestaci\u00f3n combocada por la Federaci\u00f3n de asociaciones de Ecuatorianos en Espa\u00f1a, CCOO y UGT.\u00bb Ya que: \u00abEllos s\u00f3lo convocan y apoyan aquellas iniciativas que condenan el terrorismo con claridad, rechazan cualquier negociaci\u00f3n con ETA y exigen una rectificaci\u00f3n&hellip;&nbsp;<a href=\"https:\/\/junjan.org\/wordpress\/2007\/01\/vctimas_o_verdugos\/\" rel=\"bookmark\">Leer m\u00e1s &raquo;<span class=\"screen-reader-text\">\u00bfV\u00edctimas o Verdugos?<\/span><\/a><\/p>\n","protected":false},"author":1,"featured_media":0,"comment_status":"open","ping_status":"open","sticky":false,"template":"","format":"standard","meta":{"neve_meta_sidebar":"","neve_meta_container":"","neve_meta_enable_content_width":"","neve_meta_content_width":0,"neve_meta_title_alignment":"","neve_meta_author_avatar":"","neve_post_elements_order":"","neve_meta_disable_header":"","neve_meta_disable_footer":"","neve_meta_disable_title":"","footnotes":""},"categories":[84],"tags":[628,625,509,626,627],"class_list":["post-857","post","type-post","status-publish","format-standard","hentry","category-divagaciones","tag-atentado","tag-avt","tag-eta","tag-manifestacion","tag-terrorismo"],"_links":{"self":[{"href":"https:\/\/junjan.org\/wordpress\/wp-json\/wp\/v2\/posts\/857","targetHints":{"allow":["GET"]}}],"collection":[{"href":"https:\/\/junjan.org\/wordpress\/wp-json\/wp\/v2\/posts"}],"about":[{"href":"https:\/\/junjan.org\/wordpress\/wp-json\/wp\/v2\/types\/post"}],"author":[{"embeddable":true,"href":"https:\/\/junjan.org\/wordpress\/wp-json\/wp\/v2\/users\/1"}],"replies":[{"embeddable":true,"href":"https:\/\/junjan.org\/wordpress\/wp-json\/wp\/v2\/comments?post=857"}],"version-history":[{"count":1,"href":"https:\/\/junjan.org\/wordpress\/wp-json\/wp\/v2\/posts\/857\/revisions"}],"predecessor-version":[{"id":1296,"href":"https:\/\/junjan.org\/wordpress\/wp-json\/wp\/v2\/posts\/857\/revisions\/1296"}],"wp:attachment":[{"href":"https:\/\/junjan.org\/wordpress\/wp-json\/wp\/v2\/media?parent=857"}],"wp:term":[{"taxonomy":"category","embeddable":true,"href":"https:\/\/junjan.org\/wordpress\/wp-json\/wp\/v2\/categories?post=857"},{"taxonomy":"post_tag","embeddable":true,"href":"https:\/\/junjan.org\/wordpress\/wp-json\/wp\/v2\/tags?post=857"}],"curies":[{"name":"wp","href":"https:\/\/api.w.org\/{rel}","templated":true}]}}