{"id":86,"date":"2004-04-26T16:46:14","date_gmt":"2004-04-26T16:46:14","guid":{"rendered":"http:\/\/junjan.org\/wordpress\/?p=86"},"modified":"2004-04-26T16:46:14","modified_gmt":"2004-04-26T16:46:14","slug":"garzn_un_ao_despus","status":"publish","type":"post","link":"https:\/\/junjan.org\/wordpress\/2004\/04\/garzn_un_ao_despus\/","title":{"rendered":"Garz\u00f3n, un a\u00f1o despu\u00e9s"},"content":{"rendered":"<p>Hace aproximadamente un a&#241;o se public&#243; una <a href=\"http:\/\/www.culturacontralaguerra.org\/archives\/000095.php\">carta de Baltasar Garz&#243;n<\/a> dirigida al presidente Aznar. Me ha parecido interesante recordar parte del documento, que ha resultado incre&#237;blemente acertado.<\/p>\n<div class=\"citation\">\nDespu&#233;s de todo lo dicho quiero hacer un esfuerzo y entender por qu&#233; nuestro Gobierno &#8211; o mejor dicho, usted, se&#241;or presidente &#8211; se ha encastillado en una espiral que puede llevarle a una especie de suicidio pol&#237;tico; para ello he decidido parar de escribir y continuar dos d&#237;as despu&#233;s de meditar sobre ello. Durante estas 48 horas he pasado revista a las explicaciones de Ana Palacio; a todas las opiniones, entrevistas y ruedas de prensa que usted, se&#241;or presidente, ha expresado y realizado; a todas las comparecencias del portavoz del Gobierno; a los debates parlamentarios; a las comparecencias en el Consejo de Seguridad; a las estramb&#243;ticas ruedas de prensa del secretario de Defensa norteamericano; a las de la consejera de Seguridad, Condoleezza Rice; a las del propio George W. Bush, y, c&#243;mo no, a las del se&#241;or Blair. Pues bien, entiendo la postura de EE UU; tambi&#233;n, aunque menos, la de Gran Breta&#241;a; pero la que no comprendo es la suya, se&#241;or presidente, la cual me parece m&#225;s dura y m&#225;s extrema que la de aquellos, a pesar de la aparente moderaci&#243;n que emplea en sus comparecencias p&#250;blicas para intentar explicarla.<br \/>\n&#8211; Veamos, primer asunto: el terrorismo. No creo quebrantar ning&#250;n secreto profesional si digo que, al menos hasta donde yo conozco, no existe al d&#237;a de hoy ni un solo indicio de que la implicaci&#243;n de Sadam Huseim con Al Qaeda existe. Quien acusa tiene la carga de la prueba y no puede desplazar esta obligaci&#243;n a otros, y ustedes no han aportado esa prueba.<br \/>\n&#8211; Segundo asunto: violaci&#243;n de derechos humanos. Hasta ahora s&#243;lo se ha hablado y, ello es cierto, de las violaciones masivas de los derechos fundamentales por parte de Sadam Huseim, pero nada se habla de las violaciones de los derechos humanos que Estados Unidos est&#225; cometiendo en forma flagrante y reiterada con los m&#225;s de mil talibanes detenidos en Guant&#225;namo; y de los que tambi&#233;n se hallan en id&#233;ntica situaci&#243;n en Afganist&#225;n y Pakist&#225;n bajo el control norteamericano, o de los m&#225;s de cien detenidos en EE UU en lugares desconocidos, simplemente por su situaci&#243;n irregular y por su vinculaci&#243;n &#233;tnica &#225;rabe y cuyo paradero no se da por razones de &#8220;seguridad nacional&#8221;. A todos ellos no se les ha permitido contactar con familiares, abogados, y sus condiciones de vida son infrahumanas, desde hace m&#225;s de un a&#241;o. Y frente a esto, se&#241;or presidente Aznar y se&#241;or primer ministro Blair, &#191;qu&#233; dicen y qu&#233; hacen ustedes?, &#191;por qu&#233; no se ha tratado este tema en la reuni&#243;n del rancho del se&#241;or Bush en Tejas?, o &#191;por qu&#233; no exigen a &#233;ste un pronunciamiento claro y definitivo para que cese esa situaci&#243;n de ilegalidad? &#191;C&#243;mo se puede apoyar a un l&#237;der o a un pa&#237;s que est&#225; violando groseramente los mismos derechos que dice defender?<br \/>\n&#8211; Tercer asunto: Se acabar&#225; con las armas de destrucci&#243;n masiva, las armas qu&#237;micas y la amenaza terrorista que representa Sadam, si &#233;ste se exilia o se le elimina. Realmente pueril esta argumentaci&#243;n. Lo &#250;nico que va a generar esta injusta guerra es, por una parte, una quiebra ya inevitable de la legalidad internacional, y por otra, el aumento del terrorismo integrista a medio y largo plazo, el cual hallar&#225; una plataforma de justificaci&#243;n objetiva, de la que ahora carece. Su crecimiento en otros puntos del planeta, entre ellos Espa&#241;a, como dijo Tarek Aziz, sin que se apreciara tono amenazante en su afirmaci&#243;n, sino constataci&#243;n l&#243;gica de los hechos, es algo tan evidente como terrible y usted no quiere o no sabe verlo.\n<\/div><\/p>\n","protected":false},"excerpt":{"rendered":"<p>Hace aproximadamente un a&#241;o se public&#243; una carta de Baltasar Garz&#243;n dirigida al presidente Aznar. Me ha parecido interesante recordar parte del documento, que ha resultado incre&#237;blemente acertado. Despu&#233;s de todo lo dicho quiero hacer un esfuerzo y entender por qu&#233; nuestro Gobierno &#8211; o mejor dicho, usted, se&#241;or presidente &#8211; se ha encastillado en&hellip;&nbsp;<a href=\"https:\/\/junjan.org\/wordpress\/2004\/04\/garzn_un_ao_despus\/\" rel=\"bookmark\">Leer m\u00e1s &raquo;<span class=\"screen-reader-text\">Garz\u00f3n, un a\u00f1o despu\u00e9s<\/span><\/a><\/p>\n","protected":false},"author":1,"featured_media":0,"comment_status":"open","ping_status":"open","sticky":false,"template":"","format":"standard","meta":{"neve_meta_sidebar":"","neve_meta_container":"","neve_meta_enable_content_width":"","neve_meta_content_width":0,"neve_meta_title_alignment":"","neve_meta_author_avatar":"","neve_post_elements_order":"","neve_meta_disable_header":"","neve_meta_disable_footer":"","neve_meta_disable_title":"","footnotes":""},"categories":[8],"tags":[],"class_list":["post-86","post","type-post","status-publish","format-standard","hentry","category-historia"],"_links":{"self":[{"href":"https:\/\/junjan.org\/wordpress\/wp-json\/wp\/v2\/posts\/86","targetHints":{"allow":["GET"]}}],"collection":[{"href":"https:\/\/junjan.org\/wordpress\/wp-json\/wp\/v2\/posts"}],"about":[{"href":"https:\/\/junjan.org\/wordpress\/wp-json\/wp\/v2\/types\/post"}],"author":[{"embeddable":true,"href":"https:\/\/junjan.org\/wordpress\/wp-json\/wp\/v2\/users\/1"}],"replies":[{"embeddable":true,"href":"https:\/\/junjan.org\/wordpress\/wp-json\/wp\/v2\/comments?post=86"}],"version-history":[{"count":0,"href":"https:\/\/junjan.org\/wordpress\/wp-json\/wp\/v2\/posts\/86\/revisions"}],"wp:attachment":[{"href":"https:\/\/junjan.org\/wordpress\/wp-json\/wp\/v2\/media?parent=86"}],"wp:term":[{"taxonomy":"category","embeddable":true,"href":"https:\/\/junjan.org\/wordpress\/wp-json\/wp\/v2\/categories?post=86"},{"taxonomy":"post_tag","embeddable":true,"href":"https:\/\/junjan.org\/wordpress\/wp-json\/wp\/v2\/tags?post=86"}],"curies":[{"name":"wp","href":"https:\/\/api.w.org\/{rel}","templated":true}]}}