{"id":861,"date":"2007-01-07T14:07:08","date_gmt":"2007-01-07T14:07:08","guid":{"rendered":"http:\/\/junjan.org\/wordpress\/?p=861"},"modified":"2007-01-07T14:07:08","modified_gmt":"2007-01-07T14:07:08","slug":"por_la_paz_y_2","status":"publish","type":"post","link":"https:\/\/junjan.org\/wordpress\/2007\/01\/por_la_paz_y_2\/","title":{"rendered":"Por la paz (y 2)"},"content":{"rendered":"<p><a href=\"http:\/\/lasideas.org\/paz\"><img loading=\"lazy\" decoding=\"async\" alt=\"por la paz 5.jpg\" src=\"http:\/\/www.junjan.org\/weblog\/images\/por%20la%20paz%205.jpg\" width=\"160\" height=\"55\" \/><br \/>\n<\/a><br \/>\nSe acaba de organizar un movimiento de apoyo desde la blogosfera progresista a la manifestaci\u00f3n del d\u00eda 13 de enero en Madrid que organizan la Federaci\u00f3n de asociaciones de Ecuatorianos en Espa\u00f1a, CC.OO. y UGT. Aunque no podr\u00e9 ir me uno a la iniciativa. Que corra la voz !!<\/p>\n","protected":false},"excerpt":{"rendered":"<p>Se acaba de organizar un movimiento de apoyo desde la blogosfera progresista a la manifestaci\u00f3n del d\u00eda 13 de enero en Madrid que organizan la Federaci\u00f3n de asociaciones de Ecuatorianos en Espa\u00f1a, CC.OO. y UGT. Aunque no podr\u00e9 ir me uno a la iniciativa. Que corra la voz !!<\/p>\n","protected":false},"author":1,"featured_media":0,"comment_status":"open","ping_status":"open","sticky":false,"template":"","format":"standard","meta":{"neve_meta_sidebar":"","neve_meta_container":"","neve_meta_enable_content_width":"","neve_meta_content_width":0,"neve_meta_title_alignment":"","neve_meta_author_avatar":"","neve_post_elements_order":"","neve_meta_disable_header":"","neve_meta_disable_footer":"","neve_meta_disable_title":"","footnotes":""},"categories":[5],"tags":[284],"class_list":["post-861","post","type-post","status-publish","format-standard","hentry","category-actualidad","tag-terrorismo-manifestacion-eta-atentado"],"_links":{"self":[{"href":"https:\/\/junjan.org\/wordpress\/wp-json\/wp\/v2\/posts\/861","targetHints":{"allow":["GET"]}}],"collection":[{"href":"https:\/\/junjan.org\/wordpress\/wp-json\/wp\/v2\/posts"}],"about":[{"href":"https:\/\/junjan.org\/wordpress\/wp-json\/wp\/v2\/types\/post"}],"author":[{"embeddable":true,"href":"https:\/\/junjan.org\/wordpress\/wp-json\/wp\/v2\/users\/1"}],"replies":[{"embeddable":true,"href":"https:\/\/junjan.org\/wordpress\/wp-json\/wp\/v2\/comments?post=861"}],"version-history":[{"count":0,"href":"https:\/\/junjan.org\/wordpress\/wp-json\/wp\/v2\/posts\/861\/revisions"}],"wp:attachment":[{"href":"https:\/\/junjan.org\/wordpress\/wp-json\/wp\/v2\/media?parent=861"}],"wp:term":[{"taxonomy":"category","embeddable":true,"href":"https:\/\/junjan.org\/wordpress\/wp-json\/wp\/v2\/categories?post=861"},{"taxonomy":"post_tag","embeddable":true,"href":"https:\/\/junjan.org\/wordpress\/wp-json\/wp\/v2\/tags?post=861"}],"curies":[{"name":"wp","href":"https:\/\/api.w.org\/{rel}","templated":true}]}}