{"id":862,"date":"2007-01-12T23:01:14","date_gmt":"2007-01-12T22:01:14","guid":{"rendered":"http:\/\/junjan.org\/wordpress\/?p=862"},"modified":"2011-05-24T23:09:49","modified_gmt":"2011-05-24T21:09:49","slug":"delirios","status":"publish","type":"post","link":"https:\/\/junjan.org\/wordpress\/2007\/01\/delirios\/","title":{"rendered":"Delirios"},"content":{"rendered":"<blockquote><p>\n\u00abEl Partido Popular solicita formalmente la desconvocatoria de las manifestaciones previstas para<br \/>\nel pr\u00f3ximo s\u00e1bado 13 de enero. (&#8230;) Se han generado pol\u00e9micas\u00bb en torno a los lemas y a los contenidos de los manifiestos, lo que ha llevado tanto a colectivos que se hab\u00edan sumado a las marchas como a algunos de los propios grupos convocantes a desvincularse de las mismas.\u00bb\n<\/p><\/blockquote>\n<p>Se arrogan atribuciones que no les corresponden, se creen que otros hacen lo que en realidad hacen ellos&#8230; Delirios&#8230; Y de los muy fuertes&#8230; \u00bfSer\u00e1 tremens? Los s\u00edntomas son muy parecidos, confusi\u00f3n, ilusiones extra\u00f1as, alucinaciones muy perturbadoras, agitaci\u00f3n, etc.<br \/>\nDeber\u00edan dejar de beber.<\/p>\n","protected":false},"excerpt":{"rendered":"<p>\u00abEl Partido Popular solicita formalmente la desconvocatoria de las manifestaciones previstas para el pr\u00f3ximo s\u00e1bado 13 de enero. (&#8230;) Se han generado pol\u00e9micas\u00bb en torno a los lemas y a los contenidos de los manifiestos, lo que ha llevado tanto a colectivos que se hab\u00edan sumado a las marchas como a algunos de los propios&hellip;&nbsp;<a href=\"https:\/\/junjan.org\/wordpress\/2007\/01\/delirios\/\" rel=\"bookmark\">Leer m\u00e1s &raquo;<span class=\"screen-reader-text\">Delirios<\/span><\/a><\/p>\n","protected":false},"author":1,"featured_media":0,"comment_status":"open","ping_status":"open","sticky":false,"template":"","format":"standard","meta":{"neve_meta_sidebar":"","neve_meta_container":"","neve_meta_enable_content_width":"","neve_meta_content_width":0,"neve_meta_title_alignment":"","neve_meta_author_avatar":"","neve_post_elements_order":"","neve_meta_disable_header":"","neve_meta_disable_footer":"","neve_meta_disable_title":"","footnotes":""},"categories":[5],"tags":[509,626,507],"class_list":["post-862","post","type-post","status-publish","format-standard","hentry","category-actualidad","tag-eta","tag-manifestacion","tag-pp"],"_links":{"self":[{"href":"https:\/\/junjan.org\/wordpress\/wp-json\/wp\/v2\/posts\/862","targetHints":{"allow":["GET"]}}],"collection":[{"href":"https:\/\/junjan.org\/wordpress\/wp-json\/wp\/v2\/posts"}],"about":[{"href":"https:\/\/junjan.org\/wordpress\/wp-json\/wp\/v2\/types\/post"}],"author":[{"embeddable":true,"href":"https:\/\/junjan.org\/wordpress\/wp-json\/wp\/v2\/users\/1"}],"replies":[{"embeddable":true,"href":"https:\/\/junjan.org\/wordpress\/wp-json\/wp\/v2\/comments?post=862"}],"version-history":[{"count":1,"href":"https:\/\/junjan.org\/wordpress\/wp-json\/wp\/v2\/posts\/862\/revisions"}],"predecessor-version":[{"id":1308,"href":"https:\/\/junjan.org\/wordpress\/wp-json\/wp\/v2\/posts\/862\/revisions\/1308"}],"wp:attachment":[{"href":"https:\/\/junjan.org\/wordpress\/wp-json\/wp\/v2\/media?parent=862"}],"wp:term":[{"taxonomy":"category","embeddable":true,"href":"https:\/\/junjan.org\/wordpress\/wp-json\/wp\/v2\/categories?post=862"},{"taxonomy":"post_tag","embeddable":true,"href":"https:\/\/junjan.org\/wordpress\/wp-json\/wp\/v2\/tags?post=862"}],"curies":[{"name":"wp","href":"https:\/\/api.w.org\/{rel}","templated":true}]}}