{"id":865,"date":"2007-01-16T21:25:58","date_gmt":"2007-01-16T20:25:58","guid":{"rendered":"http:\/\/junjan.org\/wordpress\/?p=865"},"modified":"2011-05-24T23:10:20","modified_gmt":"2011-05-24T21:10:20","slug":"ya_lo_han_conseguido","status":"publish","type":"post","link":"https:\/\/junjan.org\/wordpress\/2007\/01\/ya_lo_han_conseguido\/","title":{"rendered":"Ya empiezan a estar satisfechos&#8230;"},"content":{"rendered":"<p>Les ha costado tres a\u00f1os de machacar el lado oscuro de la derecha espa\u00f1ola, pero lo han conseguido. Por fin les ha gustado un discurso de [\u00abRajoy\u00bb:http:\/\/www.junjan.org\/weblog\/archives\/2004\/03\/05\/digno_sucesor.html]. Y quieren m\u00e1s&#8230; Una peque\u00f1a muestra:<\/p>\n<blockquote><p>\u00abEditorial de Libertad Digital\u00bb:http:\/\/libertaddigital.es\/opiniones\/opi_desa_35398.html<br \/>\n\u00abLo \u00fanico que cabe reprochar a la brillante y tranquilizadora intervenci\u00f3n de Rajoy, es que siga dejando que sea Zapatero quien fije el criterio de qu\u00e9 es y qu\u00e9 no es un \u00abprecio pol\u00edtico por la paz\u00bb, tal y como el l\u00edder del PP hace cada vez que insta al presidente del Gobierno a que se comprometa a que no va a pagarlo.\u00bb<\/p><\/blockquote>\n<blockquote><p>\u00abIgnacio Villa en Libertad Digital\u00bb:http:\/\/libertaddigital.es\/opiniones\/opi_desa_35391.html<br \/>\n\u00abLa brillante intervenci\u00f3n de Mariano Rajoy ha dejado a Zapatero con sus errores al descubierto.\u00bb<\/p><\/blockquote>\n<blockquote><p>\u00abBatiburrillo\u00bb:http:\/\/batiburrillo.redliberal.com\/009281.html<br \/>\n\u00abQue sepa el se\u00f1or Rajoy que lo ha hecho muy bien en esta ocasi\u00f3n \u2014no siempre ha sido as\u00ed\u2014 y que a su intervenci\u00f3n se le debe emparejar el virtuosismo correspondiente a los hombres de Estado, \u00a1felicidades! (&#8230;) Por eso creo que el Partido Popular debe montar un turno de guardia entre sus dirigentes, a poder ser los menos gili-centristas, para que no haya d\u00eda alguno en el que no se les recuerde a los votantes que el presidente del gobierno de Espa\u00f1a sigue siendo un reh\u00e9n maniatado de la banda terrorista ETA.\u00bb<\/p><\/blockquote>\n<blockquote><p>\u00abABC\u00bb:http:\/\/www.abc.es\/20070116\/opinion-editorial\/diagnosticos-fracaso_200701160258.html<br \/>\n\u00abEl s\u00f3lido discurso de Rajoy fue una dura pero necesaria r\u00e9plica a la sistem\u00e1tica ambig\u00fcedad de Rodr\u00edguez Zapatero.\u00bb<\/p><\/blockquote>\n<p>Y Rajoy ya est\u00e1 que se sale, y sugiere que <em>\u00abpara ser presidente del Gobierno, oiga, deber\u00edan exigir algo m\u00e1s que tener 18 a\u00f1os y ser espa\u00f1ol\u00bb<\/em>. El burro vuelve al establo. Ya est\u00e1 tardando en sacar sus antiguas ideas y pedir que s\u00f3lo los \u00ab[\u00abhijos de buena estirpe\u00bb:http:\/\/www.junjan.org\/weblog\/archives\/2004\/03\/05\/digno_sucesor.html]\u00bb puedan dirigir nuestra santo pa\u00eds, las elecciones son superfluas y peligrosas que luego la gente no te vota.<\/p>\n","protected":false},"excerpt":{"rendered":"<p>Les ha costado tres a\u00f1os de machacar el lado oscuro de la derecha espa\u00f1ola, pero lo han conseguido. Por fin les ha gustado un discurso de [\u00abRajoy\u00bb:http:\/\/www.junjan.org\/weblog\/archives\/2004\/03\/05\/digno_sucesor.html]. Y quieren m\u00e1s&#8230; Una peque\u00f1a muestra: \u00abEditorial de Libertad Digital\u00bb:http:\/\/libertaddigital.es\/opiniones\/opi_desa_35398.html \u00abLo \u00fanico que cabe reprochar a la brillante y tranquilizadora intervenci\u00f3n de Rajoy, es que siga dejando que&hellip;&nbsp;<a href=\"https:\/\/junjan.org\/wordpress\/2007\/01\/ya_lo_han_conseguido\/\" rel=\"bookmark\">Leer m\u00e1s &raquo;<span class=\"screen-reader-text\">Ya empiezan a estar satisfechos&#8230;<\/span><\/a><\/p>\n","protected":false},"author":1,"featured_media":0,"comment_status":"open","ping_status":"open","sticky":false,"template":"","format":"standard","meta":{"neve_meta_sidebar":"","neve_meta_container":"","neve_meta_enable_content_width":"","neve_meta_content_width":0,"neve_meta_title_alignment":"","neve_meta_author_avatar":"","neve_post_elements_order":"","neve_meta_disable_header":"","neve_meta_disable_footer":"","neve_meta_disable_title":"","footnotes":""},"categories":[5],"tags":[649,509,507,648,499],"class_list":["post-865","post","type-post","status-publish","format-standard","hentry","category-actualidad","tag-digno-sucesor","tag-eta","tag-pp","tag-rajoy","tag-zapatero"],"_links":{"self":[{"href":"https:\/\/junjan.org\/wordpress\/wp-json\/wp\/v2\/posts\/865","targetHints":{"allow":["GET"]}}],"collection":[{"href":"https:\/\/junjan.org\/wordpress\/wp-json\/wp\/v2\/posts"}],"about":[{"href":"https:\/\/junjan.org\/wordpress\/wp-json\/wp\/v2\/types\/post"}],"author":[{"embeddable":true,"href":"https:\/\/junjan.org\/wordpress\/wp-json\/wp\/v2\/users\/1"}],"replies":[{"embeddable":true,"href":"https:\/\/junjan.org\/wordpress\/wp-json\/wp\/v2\/comments?post=865"}],"version-history":[{"count":1,"href":"https:\/\/junjan.org\/wordpress\/wp-json\/wp\/v2\/posts\/865\/revisions"}],"predecessor-version":[{"id":1309,"href":"https:\/\/junjan.org\/wordpress\/wp-json\/wp\/v2\/posts\/865\/revisions\/1309"}],"wp:attachment":[{"href":"https:\/\/junjan.org\/wordpress\/wp-json\/wp\/v2\/media?parent=865"}],"wp:term":[{"taxonomy":"category","embeddable":true,"href":"https:\/\/junjan.org\/wordpress\/wp-json\/wp\/v2\/categories?post=865"},{"taxonomy":"post_tag","embeddable":true,"href":"https:\/\/junjan.org\/wordpress\/wp-json\/wp\/v2\/tags?post=865"}],"curies":[{"name":"wp","href":"https:\/\/api.w.org\/{rel}","templated":true}]}}