{"id":869,"date":"2007-01-22T08:00:55","date_gmt":"2007-01-22T08:00:55","guid":{"rendered":"http:\/\/junjan.org\/wordpress\/?p=869"},"modified":"2007-01-22T08:00:55","modified_gmt":"2007-01-22T08:00:55","slug":"aleluya_1","status":"publish","type":"post","link":"https:\/\/junjan.org\/wordpress\/2007\/01\/aleluya_1\/","title":{"rendered":"\u00a1Aleluya!"},"content":{"rendered":"<p>Un obispo acaba de reconocer lo obvio desde hace ya muchos a\u00f1os:<\/p>\n<blockquote><p> [\u00abABC\u00bb:http:\/\/www.abc.es\/20070120\/sociedad-religion\/iglesia-alerta-laicismo-integrista_200701200250.html]. El arzobispo de Pamplona, Fernando Sebasti\u00e1n, mostr\u00f3 su pesimismo ante el hecho de que pese a que<strong> \u00abm\u00e1s de un 80% de los espa\u00f1oles son bautizados, no m\u00e1s de un 40% se declaran cristianos\u00bb<\/strong>. Para Sebasti\u00e1n, resulta especialmente alarmante c\u00f3mo <strong>\u00abpor primera vez en Espa\u00f1a, desde hace muchos siglos, la mayor\u00eda de los j\u00f3venes se declaran no creyentes\u00bb<\/strong> lo que, en su opini\u00f3n, obliga a la Iglesia \u00aba pensar seriamente en el papel de la familia en la transmisi\u00f3n de la fe\u00bb.<\/p><\/blockquote>\n<p>S\u00f3lo que desde mi punto de vista no es un dato alarmante sino un dato estupendo. \u00a1Aleluya!<br \/>\n&#8211;Visto en [\u00abMeneame\u00bb:http:\/\/meneame.net\/story\/primera-vez-espana-mayoria-jovenes-declaran-no-creyentes]&#8211;<\/p>\n","protected":false},"excerpt":{"rendered":"<p>Un obispo acaba de reconocer lo obvio desde hace ya muchos a\u00f1os: [\u00abABC\u00bb:http:\/\/www.abc.es\/20070120\/sociedad-religion\/iglesia-alerta-laicismo-integrista_200701200250.html]. El arzobispo de Pamplona, Fernando Sebasti\u00e1n, mostr\u00f3 su pesimismo ante el hecho de que pese a que \u00abm\u00e1s de un 80% de los espa\u00f1oles son bautizados, no m\u00e1s de un 40% se declaran cristianos\u00bb. Para Sebasti\u00e1n, resulta especialmente alarmante c\u00f3mo \u00abpor primera&hellip;&nbsp;<a href=\"https:\/\/junjan.org\/wordpress\/2007\/01\/aleluya_1\/\" rel=\"bookmark\">Leer m\u00e1s &raquo;<span class=\"screen-reader-text\">\u00a1Aleluya!<\/span><\/a><\/p>\n","protected":false},"author":1,"featured_media":0,"comment_status":"open","ping_status":"open","sticky":false,"template":"","format":"standard","meta":{"neve_meta_sidebar":"","neve_meta_container":"","neve_meta_enable_content_width":"","neve_meta_content_width":0,"neve_meta_title_alignment":"","neve_meta_author_avatar":"","neve_post_elements_order":"","neve_meta_disable_header":"","neve_meta_disable_footer":"","neve_meta_disable_title":"","footnotes":""},"categories":[84],"tags":[296],"class_list":["post-869","post","type-post","status-publish","format-standard","hentry","category-divagaciones","tag-iglesia-religion-ateismo"],"_links":{"self":[{"href":"https:\/\/junjan.org\/wordpress\/wp-json\/wp\/v2\/posts\/869","targetHints":{"allow":["GET"]}}],"collection":[{"href":"https:\/\/junjan.org\/wordpress\/wp-json\/wp\/v2\/posts"}],"about":[{"href":"https:\/\/junjan.org\/wordpress\/wp-json\/wp\/v2\/types\/post"}],"author":[{"embeddable":true,"href":"https:\/\/junjan.org\/wordpress\/wp-json\/wp\/v2\/users\/1"}],"replies":[{"embeddable":true,"href":"https:\/\/junjan.org\/wordpress\/wp-json\/wp\/v2\/comments?post=869"}],"version-history":[{"count":0,"href":"https:\/\/junjan.org\/wordpress\/wp-json\/wp\/v2\/posts\/869\/revisions"}],"wp:attachment":[{"href":"https:\/\/junjan.org\/wordpress\/wp-json\/wp\/v2\/media?parent=869"}],"wp:term":[{"taxonomy":"category","embeddable":true,"href":"https:\/\/junjan.org\/wordpress\/wp-json\/wp\/v2\/categories?post=869"},{"taxonomy":"post_tag","embeddable":true,"href":"https:\/\/junjan.org\/wordpress\/wp-json\/wp\/v2\/tags?post=869"}],"curies":[{"name":"wp","href":"https:\/\/api.w.org\/{rel}","templated":true}]}}