{"id":87,"date":"2004-04-27T17:57:50","date_gmt":"2004-04-27T17:57:50","guid":{"rendered":"http:\/\/junjan.org\/wordpress\/?p=87"},"modified":"2013-02-12T19:13:20","modified_gmt":"2013-02-12T18:13:20","slug":"cada_da_que_amanece_el_nmero_d","status":"publish","type":"post","link":"https:\/\/junjan.org\/wordpress\/2004\/04\/cada_da_que_amanece_el_nmero_d\/","title":{"rendered":"Cada d\u00eda que amanece el n\u00famero de tontos crece"},"content":{"rendered":"<p><b>Mariano Rajoy<\/b>, en el debate por el regreso de las tropas.<\/p>\n<div class=\"citation\">\u00abCuba, Venezuela, Bin Laden, que no es un pa\u00eds, evidentemente, Ham\u00e1s, y el se\u00f1or Prodi. Esos son los que le han aplaudido\u00bb.<\/div>\n<p>[soundcloud url=\u00bbhttp:\/\/api.soundcloud.com\/tracks\/78938084&#8243; params=\u00bb\u00bb width=\u00bb 100%\u00bb height=\u00bb166&#8243; iframe=\u00bbtrue\u00bb \/]<\/p>\n<p><a href=\"http:\/\/www.junjan.org\/weblog\/media\/Rajoy_paises.mp3\">Mp3<\/a><\/p>\n","protected":false},"excerpt":{"rendered":"<p>Mariano Rajoy, en el debate por el regreso de las tropas. \u00abCuba, Venezuela, Bin Laden, que no es un pa\u00eds, evidentemente, Ham\u00e1s, y el se\u00f1or Prodi. Esos son los que le han aplaudido\u00bb. [soundcloud url=\u00bbhttp:\/\/api.soundcloud.com\/tracks\/78938084&#8243; params=\u00bb\u00bb width=\u00bb 100%\u00bb height=\u00bb166&#8243; iframe=\u00bbtrue\u00bb \/] Mp3<\/p>\n","protected":false},"author":1,"featured_media":0,"comment_status":"open","ping_status":"open","sticky":false,"template":"","format":"standard","meta":{"neve_meta_sidebar":"","neve_meta_container":"","neve_meta_enable_content_width":"","neve_meta_content_width":0,"neve_meta_title_alignment":"","neve_meta_author_avatar":"","neve_post_elements_order":"","neve_meta_disable_header":"","neve_meta_disable_footer":"","neve_meta_disable_title":"","footnotes":""},"categories":[32],"tags":[729,795,648],"class_list":["post-87","post","type-post","status-publish","format-standard","hentry","category-frases","tag-irak","tag-iraq","tag-rajoy"],"_links":{"self":[{"href":"https:\/\/junjan.org\/wordpress\/wp-json\/wp\/v2\/posts\/87","targetHints":{"allow":["GET"]}}],"collection":[{"href":"https:\/\/junjan.org\/wordpress\/wp-json\/wp\/v2\/posts"}],"about":[{"href":"https:\/\/junjan.org\/wordpress\/wp-json\/wp\/v2\/types\/post"}],"author":[{"embeddable":true,"href":"https:\/\/junjan.org\/wordpress\/wp-json\/wp\/v2\/users\/1"}],"replies":[{"embeddable":true,"href":"https:\/\/junjan.org\/wordpress\/wp-json\/wp\/v2\/comments?post=87"}],"version-history":[{"count":2,"href":"https:\/\/junjan.org\/wordpress\/wp-json\/wp\/v2\/posts\/87\/revisions"}],"predecessor-version":[{"id":2276,"href":"https:\/\/junjan.org\/wordpress\/wp-json\/wp\/v2\/posts\/87\/revisions\/2276"}],"wp:attachment":[{"href":"https:\/\/junjan.org\/wordpress\/wp-json\/wp\/v2\/media?parent=87"}],"wp:term":[{"taxonomy":"category","embeddable":true,"href":"https:\/\/junjan.org\/wordpress\/wp-json\/wp\/v2\/categories?post=87"},{"taxonomy":"post_tag","embeddable":true,"href":"https:\/\/junjan.org\/wordpress\/wp-json\/wp\/v2\/tags?post=87"}],"curies":[{"name":"wp","href":"https:\/\/api.w.org\/{rel}","templated":true}]}}