{"id":870,"date":"2007-01-22T20:46:58","date_gmt":"2007-01-22T20:46:58","guid":{"rendered":"http:\/\/junjan.org\/wordpress\/?p=870"},"modified":"2007-01-22T20:46:58","modified_gmt":"2007-01-22T20:46:58","slug":"anmalos_verdugos","status":"publish","type":"post","link":"https:\/\/junjan.org\/wordpress\/2007\/01\/anmalos_verdugos\/","title":{"rendered":"An\u00f3malos verdugos"},"content":{"rendered":"<p>La AVT acaba de \u00abquerellarse\u00bb:http:\/\/www.avt.org\/noticias.asp?id=224 contra Javier Mar\u00edas por publicar el siguiente art\u00edculo en el peri\u00f3dico  [\u00abEl Pa\u00eds\u00bb:http:\/\/www.elpais.com\/articulo\/portada\/pais\/demasiado\/anomalo\/elpepusoceps\/20070121elpepspor_13\/Tes]. Lo reproduzco debido al evidente inter\u00e9s informativo, para solidarizarme con el autor, para suscribir su opini\u00f3n y con la suficiente demora para no provocar perjuicio alguno a la fuente de origen.<br \/>\nSolo a\u00f1adir a lo expresado por Mar\u00edas, que piensa el ladr\u00f3n que todos son de su condici\u00f3n y me viene a la mente algo sobre una viga y una paja que me contaban en el colegio de curas pero se me ha olvidado el contexto (*).<\/p>\n<blockquote><p>\n\u00abEn verdad este pa\u00eds es an\u00f3malo. \u00bfQu\u00e9 ha pasado en \u00e9l para que hasta el colectivo de personas que merec\u00eda \u2013y ten\u00eda\u2013 toda nuestra compasi\u00f3n, nuestro respeto y nuestro apoyo se est\u00e9 convirtiendo en uno de los grupos sociales m\u00e1s antip\u00e1ticos, irrazonables, verbalmente agresivos y \u2013lo que es peor\u2013 temibles? Desde que el se\u00f1or Alcaraz se puso al frente de la Asociaci\u00f3n de V\u00edctimas del Terrorismo, \u00e9sta ha pasado a ser, para gran parte de la poblaci\u00f3n, algo con lo que m\u00e1s vale no cruzarse ni encontrarse en la calle, y yo no s\u00e9 hasta qu\u00e9 punto sus miembros m\u00e1s sensatos, menos manipulados y envenenados \u2013a\u00fan habr\u00e1 muchos, espero\u2013, se dan cuenta del flaco favor, incluso del enorme da\u00f1o, que ese dirigente les est\u00e1 haciendo al utilizarlos principalmente como \u201cbrazo manifestante\u201d de la extrema derecha medi\u00e1tica, encabezada por la emisora radiof\u00f3nica de los obispos siembraciza\u00f1as.<br \/>\nEl d\u00eda del primer atentado mortal de ETA tras su larga tregua t\u00e1cita o declarada, una buena amiga m\u00eda, que vive cerca de Sol, se acerc\u00f3 tranquilamente a uno de los quioscos de esa plaza para comprar el peri\u00f3dico. Se encontr\u00f3 all\u00ed con verdaderas masas, lo cual no tiene mucho de particular en las desaforadas y estirad\u00edsimas fechas navide\u00f1as (sol\u00edan iniciarse el 22 de diciembre, ahora los comercios y los alcaldes las adelantan un mes, cosa demencial e insoportable, y m\u00e1s o menos equivalen al Ramad\u00e1n, en lo que se refiere a paralizaci\u00f3n de la vida activa). Pero le llam\u00f3 la atenci\u00f3n la proliferaci\u00f3n de banderas espa\u00f1olas, y se puso alerta. Al cont\u00e1rmelo hizo hincapi\u00e9 en lo que todos los moderados de este pa\u00eds sabemos, con tristeza: \u00bfqu\u00e9 clase de lugar es este en el que todav\u00eda nos sobresalta y alarma la abundancia de ense\u00f1as del pa\u00eds nuestro? (No s\u00e9 si quienes abusan de ellas para sus fines particulares son conscientes de cu\u00e1nto las ensucian, a ojos de la mayor\u00eda.) All\u00ed estaban congregados los miembros de la AVT, con pancartas llenas de insultos y de disparates, pidiendo, a estas alturas, \u201cla verdad sobre el 11-M\u201d, y acusando no tanto a ETA, que acababa de dinamitar Barajas, cuanto al Gobierno socialista. Mi amiga compr\u00f3 EL PA\u00cdS, como suele, y el quiosquero le dijo: \u201cEste s\u00ed me queda. Hoy aqu\u00ed se ha agotado La Raz\u00f3n y se est\u00e1 agotando ya El Mundo, mira c\u00f3mo est\u00e1 la plaza\u201d. Ella no s\u00f3lo mir\u00f3, sino que oy\u00f3. Algunos manifestantes, muy cerca de ella, gritaban: \u201c\u00a1Hay que fusilar a Zapatero! \u00a1Hay que fusilarlos a todos con una Parabellum!\u201d No pudo reprimirse y los mir\u00f3, como diciendo: \u201cMiren, aqu\u00ed ya no se fusila a nadie\u201d. Ni siquiera lleg\u00f3 a decirlo, no le dieron tiempo, as\u00ed que los mir\u00f3 con reprobaci\u00f3n tan s\u00f3lo. Pero eso bast\u00f3, y que llevara EL PA\u00cdS bajo el brazo, para que los energ\u00famenos de la AVT (cuesta escribirlo: \u00a1energ\u00famenos en la AVT, merecedora hasta hace no mucho de toda nuestra simpat\u00eda!) se pusieran a seguirla en su recorrido y a llenarla de improperios. Esos individuos eran guerracivilistas. No s\u00f3lo por los insultos que escogieron (\u201c\u00a1Perra, roja, miliciana, guarra!\u201d; en el 2007, parece incre\u00edble), sino por montar en c\u00f3lera al ver el diario que ella le\u00eda. Mi amiga sigui\u00f3 adelante, sin ya volverse, pero al comprobar que la retah\u00edla de injurias no era cosa moment\u00e1nea y no amainaba, dio media vuelta y, como me dijo con gracia, entr\u00f3 a \u201cpedir asilo pol\u00edtico\u201d en la Librer\u00eda M\u00e9ndez de la calle Mayor, cuyos due\u00f1os no se sorprendieron y le confesaron que no era la primera vez que ten\u00edan noticia de escenas parecidas. Tres d\u00edas m\u00e1s tarde mi amiga fue a su banco, y all\u00ed le cont\u00f3 el cajero que, s\u00f3lo por llevar este peri\u00f3dico \u2013sin que en su caso mediara ni mirada\u2013, miembros de la AVT, el mismo d\u00eda del atentado, lo hab\u00edan seguido llam\u00e1ndolo \u201c\u00a1Hijo de puta!\u201d durante un buen trecho. Mi amiga, as\u00ed pues, no fue la \u00fanica v\u00edctima de las V\u00edctimas, o de sus jaleadores.<br \/>\nYo he o\u00eddo contar muchas veces a mis padres que durante la Guerra Civil los motivos para sacar a alguien de su casa y darle el paseo eran a menudo proporcionados por los porteros o los vecinos: \u201cEl del segundo le\u00eda El Socialista\u201d, se chivaba el portero a los falangistas sevillanos, y eso bastaba para que \u00e9stos subieran por \u00e9l y se lo cargaran. \u201cEl del tercero iba a misa\u201d, acusaba un vecino ante los milicianos madrile\u00f1os, y \u00e9stos ya ve\u00edan raz\u00f3n suficiente para borrarlo del mapa. Esto se parece demasiado a la actitud observada el 30 de diciembre por algunos miembros de la Asociaci\u00f3n de V\u00edctimas del Terrorismo. Hay que decirlo una vez m\u00e1s: a las v\u00edctimas de ETA hay que compadecerlas, alentarlas, ayudarlas, procurar que reciban justicia y resarcirlas en la medida de lo posible, porque han pagado y sufrido en nombre de todos. Pero ser v\u00edctima no da la raz\u00f3n, ni hace m\u00e1s sabio, ni convierte a nadie en santo, ni lo exime de su obligaci\u00f3n de respeto hacia los dem\u00e1s ciudadanos. Si una v\u00edctima delinque, no por eso deja de ser v\u00edctima, pero pasa a ser tambi\u00e9n un delincuente. Y si una v\u00edctima persigue e insulta a quien le lanza una mirada o lee el diario que le apetece, tampoco dejar\u00e1 de ser v\u00edctima, pero adem\u00e1s se habr\u00e1 convertido en un energ\u00fameno, un intolerante, un enemigo de la libertad y un miserable. Que el se\u00f1or Alcaraz, de quien las V\u00edctimas est\u00e1n siendo v\u00edctimas en los \u00faltimos tiempos, se pare a pensarlo un minuto, y se aplique el cuento.\u00bb\n<\/p><\/blockquote>\n<p>[*] En \u00abEscolar\u00bb:http:\/\/www.escolar.net\/MT\/archives\/2007\/01\/demagogo_e_inju_1.html han recopilado parte de los \u00faltimos actos de \u00abenergumenismo\u00bb verbal de la AVT.<\/p>\n","protected":false},"excerpt":{"rendered":"<p>La AVT acaba de \u00abquerellarse\u00bb:http:\/\/www.avt.org\/noticias.asp?id=224 contra Javier Mar\u00edas por publicar el siguiente art\u00edculo en el peri\u00f3dico [\u00abEl Pa\u00eds\u00bb:http:\/\/www.elpais.com\/articulo\/portada\/pais\/demasiado\/anomalo\/elpepusoceps\/20070121elpepspor_13\/Tes]. Lo reproduzco debido al evidente inter\u00e9s informativo, para solidarizarme con el autor, para suscribir su opini\u00f3n y con la suficiente demora para no provocar perjuicio alguno a la fuente de origen. Solo a\u00f1adir a lo expresado por&hellip;&nbsp;<a href=\"https:\/\/junjan.org\/wordpress\/2007\/01\/anmalos_verdugos\/\" rel=\"bookmark\">Leer m\u00e1s &raquo;<span class=\"screen-reader-text\">An\u00f3malos verdugos<\/span><\/a><\/p>\n","protected":false},"author":1,"featured_media":0,"comment_status":"open","ping_status":"open","sticky":false,"template":"","format":"standard","meta":{"neve_meta_sidebar":"","neve_meta_container":"","neve_meta_enable_content_width":"","neve_meta_content_width":0,"neve_meta_title_alignment":"","neve_meta_author_avatar":"","neve_post_elements_order":"","neve_meta_disable_header":"","neve_meta_disable_footer":"","neve_meta_disable_title":"","footnotes":""},"categories":[84],"tags":[297],"class_list":["post-870","post","type-post","status-publish","format-standard","hentry","category-divagaciones","tag-avt-verdugos-javier-marias"],"_links":{"self":[{"href":"https:\/\/junjan.org\/wordpress\/wp-json\/wp\/v2\/posts\/870","targetHints":{"allow":["GET"]}}],"collection":[{"href":"https:\/\/junjan.org\/wordpress\/wp-json\/wp\/v2\/posts"}],"about":[{"href":"https:\/\/junjan.org\/wordpress\/wp-json\/wp\/v2\/types\/post"}],"author":[{"embeddable":true,"href":"https:\/\/junjan.org\/wordpress\/wp-json\/wp\/v2\/users\/1"}],"replies":[{"embeddable":true,"href":"https:\/\/junjan.org\/wordpress\/wp-json\/wp\/v2\/comments?post=870"}],"version-history":[{"count":0,"href":"https:\/\/junjan.org\/wordpress\/wp-json\/wp\/v2\/posts\/870\/revisions"}],"wp:attachment":[{"href":"https:\/\/junjan.org\/wordpress\/wp-json\/wp\/v2\/media?parent=870"}],"wp:term":[{"taxonomy":"category","embeddable":true,"href":"https:\/\/junjan.org\/wordpress\/wp-json\/wp\/v2\/categories?post=870"},{"taxonomy":"post_tag","embeddable":true,"href":"https:\/\/junjan.org\/wordpress\/wp-json\/wp\/v2\/tags?post=870"}],"curies":[{"name":"wp","href":"https:\/\/api.w.org\/{rel}","templated":true}]}}