{"id":877,"date":"2007-02-02T18:11:21","date_gmt":"2007-02-02T18:11:21","guid":{"rendered":"http:\/\/junjan.org\/wordpress\/?p=877"},"modified":"2007-02-02T18:11:21","modified_gmt":"2007-02-02T18:11:21","slug":"apagn_telefnico","status":"publish","type":"post","link":"https:\/\/junjan.org\/wordpress\/2007\/02\/apagn_telefnico\/","title":{"rendered":"Seis de febrero: Apag\u00f3n telef\u00f3nico"},"content":{"rendered":"<p>Me acaba de llegar por correo electr\u00f3nico esta interesante iniciativa. No se quienes la han empezado pero me uno a ella.<\/p>\n<blockquote><p>Se convoca a todos los usuarios y consumidores de telefon\u00eda m\u00f3vil a una jornada de m\u00f3viles ca\u00eddos que tendr\u00e1 lugar el pr\u00f3ximo <strong>6 de Febrero<\/strong> (martes). Si durante ese d\u00eda los 40 millones de m\u00f3viles que hay en Espa\u00f1a no hacen ninguna llamada, salvo las estrictamente necesarias, y no mandan ning\u00fan sms, alguna alarma sonara en los consejos de direcci\u00f3n de estas tres empresas y los directivos despegaran el culo de sus asientos de piel para dirigir sus miradas hacia sus clientes, que est\u00e1n hartos de tarifas abusivas, de contratos de permanencia que son tan ilegales como las tarifas que nos van a meter con calzador.<\/p><\/blockquote>\n<p>\u00a1Corre la voz!<br \/>\nMe dicen que hay una propuesta similar [\u00abconvocada para el primero de Marzo\u00bb:http:\/\/www.boicot.es.kz\/]. <strong>\u00bfQu\u00e9 tal una al mes hasta que los \u00ab\u00abhay que decirlo m\u00e1s\u00bb\u00bb:http:\/\/www.youtube.com\/watch?v=tRBItUZHMrY&#038;eurl= se bajen de la burra?<\/strong><br \/>\nEste es el mensaje completo:<\/p>\n<p><!--more--><\/p>\n<blockquote><p>\n<strong>Movilizacion Por la subida de las tarifas de moviles<\/strong><br \/>\nLos operadores m\u00f3viles en Espa\u00f1a quieren subir sus tarifas a principios de marzo para compensar el efecto de la nueva ley que prohibir\u00e1 la pr\u00e1ctica del redondeo en las llamadas. La idea de las compa\u00f1\u00edas de m\u00f3viles es aumentar el precio del establecimiento de llamada -fijado ahora por todos los operadores en 12 c\u00e9ntimos y el del precio por minuto.<br \/>\nTelef\u00f3nica ya anunci\u00f3 que a partir del 1 de marzo el precio de establecimiento de la llamada subir\u00e1 de 12 a 15 c\u00e9ntimos de euro \u2013un 25%- y tambi\u00e9n subir\u00e1 la tarifa nominal por minuto. Telef\u00f3nica M\u00f3viles es el principal operador en Espa\u00f1a, con 21 millones de clientes y una cuota de mercado que roza el 46%. Con la subida de las tarifas, el precio medio por minuto Subir\u00e1 un 16% al pasar de 18,4 c\u00e9ntimos a 21,45 c\u00e9ntimos, calcula el diario &#8216;Expansi\u00f3n&#8217;.<br \/>\nOrange y Vodafone anunciaran en los pr\u00f3ximos d\u00edas cuales ser\u00e1n las subidas de sus tarifas, similares a Movistar.<br \/>\nEl \u00fanico fin de esta subida en las tarifas en no ver mermado el Beneficio del ejercicio por la aplicaci\u00f3n de una ley aprobada en el parlamento para salvaguardar los derechos de los Consumidores de estas compa\u00f1\u00edas telef\u00f3nicas.<br \/>\nLas compa\u00f1\u00edas telef\u00f3nicas no se averg\u00fcenzan en absoluto de TIMAR a sus clientes y suben las tarifas coloc\u00e1ndolas al doble que en otros pa\u00edses europeos como por ejemplo Dinamarca, B\u00e9lgica u Holanda.<br \/>\nSi no reciben un toque de atenci\u00f3n por parte de los consumidores, que deber\u00edan ser su primera preocupaci\u00f3n, estas compa\u00f1\u00edas seguir\u00e1n teniendo unos beneficios anuales m\u00e1s altos que el PIB de m\u00e1s de 60 pa\u00edses en el mundo.<br \/>\n<strong>Se convoca a todos los usuarios y consumidores de telefon\u00eda m\u00f3vil a una jornada de m\u00f3viles ca\u00eddos que tendr\u00e1 lugar el pr\u00f3ximo 6 de Febrero (martes). Si durante ese d\u00eda los 40 millones de m\u00f3viles que hay en Espa\u00f1a no hacen ninguna llamada, salvo las estrictamente necesarias, y no mandan ning\u00fan sms, alguna alarma sonara en los consejos de direcci\u00f3n de estas tres empresas y los directivos despegaran el culo de sus asientos de piel para dirigir sus miradas hacia sus clientes, que est\u00e1n hartos de tarifas abusivas, de contratos de permanencia que son tan ilegales como las tarifas que nos van a meter con calzador.<\/strong><br \/>\nPon una alarma en tu m\u00f3vil o apuntalo en tu calendario, para que no se te olvide que ese d\u00eda har\u00e1s historia y se recordara por mucho tiempo como el d\u00eda que empezaste algo muy importante para mucha gente. Si conseguimos que no entren en vigor estas tarifas habr\u00e1 valido la pena.<br \/>\n<strong>PASALO A TODOS TUS CONTACTOS. ES MUY IMPORTANTE.<br \/>\n40.000.000 DE USUARIOS TE LO AGRADECERAN<br \/>\n<\/strong><\/p><\/blockquote>\n","protected":false},"excerpt":{"rendered":"<p>Me acaba de llegar por correo electr\u00f3nico esta interesante iniciativa. No se quienes la han empezado pero me uno a ella. Se convoca a todos los usuarios y consumidores de telefon\u00eda m\u00f3vil a una jornada de m\u00f3viles ca\u00eddos que tendr\u00e1 lugar el pr\u00f3ximo 6 de Febrero (martes). Si durante ese d\u00eda los 40 millones de&hellip;&nbsp;<a href=\"https:\/\/junjan.org\/wordpress\/2007\/02\/apagn_telefnico\/\" rel=\"bookmark\">Leer m\u00e1s &raquo;<span class=\"screen-reader-text\">Seis de febrero: Apag\u00f3n telef\u00f3nico<\/span><\/a><\/p>\n","protected":false},"author":1,"featured_media":0,"comment_status":"open","ping_status":"open","sticky":false,"template":"","format":"standard","meta":{"neve_meta_sidebar":"","neve_meta_container":"","neve_meta_enable_content_width":"","neve_meta_content_width":0,"neve_meta_title_alignment":"","neve_meta_author_avatar":"","neve_post_elements_order":"","neve_meta_disable_header":"","neve_meta_disable_footer":"","neve_meta_disable_title":"","footnotes":""},"categories":[5],"tags":[302],"class_list":["post-877","post","type-post","status-publish","format-standard","hentry","category-actualidad","tag-telefono-movil-telefonica-orange-vodafone-estafa"],"_links":{"self":[{"href":"https:\/\/junjan.org\/wordpress\/wp-json\/wp\/v2\/posts\/877","targetHints":{"allow":["GET"]}}],"collection":[{"href":"https:\/\/junjan.org\/wordpress\/wp-json\/wp\/v2\/posts"}],"about":[{"href":"https:\/\/junjan.org\/wordpress\/wp-json\/wp\/v2\/types\/post"}],"author":[{"embeddable":true,"href":"https:\/\/junjan.org\/wordpress\/wp-json\/wp\/v2\/users\/1"}],"replies":[{"embeddable":true,"href":"https:\/\/junjan.org\/wordpress\/wp-json\/wp\/v2\/comments?post=877"}],"version-history":[{"count":0,"href":"https:\/\/junjan.org\/wordpress\/wp-json\/wp\/v2\/posts\/877\/revisions"}],"wp:attachment":[{"href":"https:\/\/junjan.org\/wordpress\/wp-json\/wp\/v2\/media?parent=877"}],"wp:term":[{"taxonomy":"category","embeddable":true,"href":"https:\/\/junjan.org\/wordpress\/wp-json\/wp\/v2\/categories?post=877"},{"taxonomy":"post_tag","embeddable":true,"href":"https:\/\/junjan.org\/wordpress\/wp-json\/wp\/v2\/tags?post=877"}],"curies":[{"name":"wp","href":"https:\/\/api.w.org\/{rel}","templated":true}]}}