{"id":879,"date":"2007-02-06T19:57:46","date_gmt":"2007-02-06T19:57:46","guid":{"rendered":"http:\/\/junjan.org\/wordpress\/?p=879"},"modified":"2007-02-06T19:57:46","modified_gmt":"2007-02-06T19:57:46","slug":"seis_de_febrero_apagn_telefnico_y_2","status":"publish","type":"post","link":"https:\/\/junjan.org\/wordpress\/2007\/02\/seis_de_febrero_apagn_telefnico_y_2\/","title":{"rendered":"Seis de febrero: Apag\u00f3n telef\u00f3nico (y 2)"},"content":{"rendered":"<p>Repercusi\u00f3n en los medios de la iniciativa del apag\u00f3n telef\u00f3nico de hoy.<\/p>\n<blockquote><p>[\u00abEl Pa\u00eds\u00bb:http:\/\/www.elpais.com\/articulo\/economia\/6-F\/jornada\/moviles\/caidos\/elpeputec\/20070206elpepueco_3\/Tes]. <strong>6-F, jornada de m\u00f3viles ca\u00eddos<\/strong><br \/>\nInternet vuelve a ser otra vez un canal de transmisi\u00f3n para una nueva protesta. Despu\u00e9s del llamamiento de la semana pasada para realizar un apag\u00f3n simb\u00f3lico de cinco minutos contra el cambio clim\u00e1tico, un grupo de usuarios de telefon\u00eda m\u00f3vil ha convocado para hoy martes una jornada de &#8216;m\u00f3viles ca\u00eddos&#8217; contra la subida de precio que han anunciado las tres principales operadoras de telefon\u00eda: Vodafone, Orange y Telef\u00f3nica.<\/p><\/blockquote>\n<blockquote><p>\n[\u00abCadena Ser\u00bb:http:\/\/www.cadenaser.com\/articulo\/tecnologia\/iniciativas\/consumidores\/llaman\/sendos\/dias\/movil\/csrcsrpor\/20070205csrcsrtec_3\/Tes\/] .<strong>Dos iniciativas de consumidores llaman a sendos d\u00edas sin m\u00f3vil. En protesta por la subida de tarifas.<\/strong><br \/>\nEl \u00abp\u00e1salo\u00bb cobra de nuevo fuerza y, una vez demostrado su \u00e9xito en la propuesta de la semana pasada (en Espa\u00f1a arrastr\u00f3 un 2,5% hacia abajo el consumo el\u00e9ctrico durante los diez minutos de apag\u00f3n voluntario), pretende ahora que las compa\u00f1\u00edas escuchen a los usuarios. Claro, que esta vez, en vez de 10 minutos de abstenci\u00f3n, pide 1.440.<br \/>\nLa idea de las dos convocatorias es que las operadoras recapaciten sobre su decisi\u00f3n de compensar el fin del redondeo (por la entrada en vigor de la ley de mejora de la protecci\u00f3n de consumidores y usuarios) subiendo el precio del establecimiento de llamada.<br \/>\n\u00abLas compa\u00f1\u00edas telef\u00f3nicas no se averg\u00fcenzan en absoluto de timar a sus clientes y suben las tarifas coloc\u00e1ndolas al doble que en otros pa\u00edses europeos como por ejemplo Dinamarca, B\u00e9lgica u Holanda\u00bb, asegura la convocatoria de ma\u00f1ana, que quiere que los consejos de administraci\u00f3n de las operadoras reaccionen.\n<\/p><\/blockquote>\n<blockquote><p>[\u00abEl Mundo\u00bb:http:\/\/www.elmundo.es\/mundodinero\/2007\/02\/06\/economia\/1170752677.html] <strong>CADENA DE CORREOS ELECTR\u00d3NICOS. Celebrada una jornada sin m\u00f3viles en protesta por el aumento de tarifas<\/strong><br \/>\nApagar es protestar. Tras el &#8216;apag\u00f3n&#8217; el\u00e9ctrico de la semana pasada, la siguiente protesta ha sido una jornada de &#8216;m\u00f3viles ca\u00eddos&#8217;, cuyo fin ha sido mostrar el desacuerdo de los usuarios frente a los incrementos de tarifas anunciados por las operadoras m\u00f3viles Movistar, Vodafone y Orange, para compensar los efectos de la nueva ley contra el redondeo.<br \/>\nLa primera jornada de &#8216;m\u00f3viles ca\u00eddos&#8217;, -hay otra prevista para el 1 de marzo- fue convocada a trav\u00e9s de una cadena de correos electr\u00f3nicos.<\/p><\/blockquote>\n<blockquote><p>[\u00abEl Peri\u00f3dico\u00bb:http:\/\/www.elperiodico.com\/default.asp?idpublicacio_PK=46&#038;idioma=CAS&#038;idnoticia_PK=377300&#038;idseccio_PK=1012&#038;h=].<strong> Usuarios descontentos con la subida de tarifas de la telefon\u00eda m\u00f3vil proponen para ma\u00f1ana un d\u00eda sin llamadas ni mensajes.<\/strong><br \/>\nEl anuncio de las operadoras de telefon\u00eda m\u00f3vil en Espa\u00f1a de una subida de tarifas a principios de marzo para compensar el efecto de la prohibici\u00f3n del redondeo en las llamadas ha sido el origen de la convocatoria de una innovadora protesta, calificada como jornada de m\u00f3viles ca\u00eddos, que consiste en no realizar llamadas ni enviar mensajes durante todo el d\u00eda de ma\u00f1ana.<br \/>\nLa propuesta se est\u00e1 transmitiendo mediante un mensaje de correo electr\u00f3nico que tiene como destinatarios a los numerosos usuarios de tel\u00e9fonos m\u00f3viles del pa\u00eds.\n<\/p><\/blockquote>\n<blockquote><p>[\u00ab20 minutos\u00bb:http:\/\/www.20minutos.es\/noticia\/198524\/0\/moviles\/huelga\/protesta\/]. C<strong>onvocan una \u00abhuelga de m\u00f3viles ca\u00eddos\u00bb para hoy.<\/strong><br \/>\nLos internautas est\u00e1n indignados ante la subida de tarifas de buena parte de los operadores de telefon\u00eda m\u00f3vil. A la protesta del 1 de marzo se ha sumado otra convocatoria que cita para este martes, 6 de febrero, como d\u00eda sin m\u00f3viles.<br \/>\nLa movilizaci\u00f3n, que no proviene de ninguna fuente identificada, convoca a que los 40 millones de m\u00f3viles que se calcula que hay en Espa\u00f1a no realicen ninguna llamada salvo las de car\u00e1cter urgente.<br \/>\nEntienden as\u00ed que si no se producen llamadas, las compa\u00f1\u00edas que van a subir sus tarifas tomar\u00e1n conciencia de la opini\u00f3n de sus clientes. <\/p><\/blockquote>\n<p>Y [\u00abhay muchas m\u00e1s\u00bb:http:\/\/news.google.es\/news?sourceid=Mozilla-search&#038;hl=es&#038;ie=UTF-8&#038;q=apag%C3%B3n+telef%C3%B3nico+OR+m%C3%B3viles+caidos&#038;btnG=B%C3%BAsqueda]. Veremos ma\u00f1ana cuales son las cr\u00f3nicas, si las hay.<\/p>\n","protected":false},"excerpt":{"rendered":"<p>Repercusi\u00f3n en los medios de la iniciativa del apag\u00f3n telef\u00f3nico de hoy. [\u00abEl Pa\u00eds\u00bb:http:\/\/www.elpais.com\/articulo\/economia\/6-F\/jornada\/moviles\/caidos\/elpeputec\/20070206elpepueco_3\/Tes]. 6-F, jornada de m\u00f3viles ca\u00eddos Internet vuelve a ser otra vez un canal de transmisi\u00f3n para una nueva protesta. Despu\u00e9s del llamamiento de la semana pasada para realizar un apag\u00f3n simb\u00f3lico de cinco minutos contra el cambio clim\u00e1tico, un grupo de&hellip;&nbsp;<a href=\"https:\/\/junjan.org\/wordpress\/2007\/02\/seis_de_febrero_apagn_telefnico_y_2\/\" rel=\"bookmark\">Leer m\u00e1s &raquo;<span class=\"screen-reader-text\">Seis de febrero: Apag\u00f3n telef\u00f3nico (y 2)<\/span><\/a><\/p>\n","protected":false},"author":1,"featured_media":0,"comment_status":"open","ping_status":"open","sticky":false,"template":"","format":"standard","meta":{"neve_meta_sidebar":"","neve_meta_container":"","neve_meta_enable_content_width":"","neve_meta_content_width":0,"neve_meta_title_alignment":"","neve_meta_author_avatar":"","neve_post_elements_order":"","neve_meta_disable_header":"","neve_meta_disable_footer":"","neve_meta_disable_title":"","footnotes":""},"categories":[5],"tags":[304],"class_list":["post-879","post","type-post","status-publish","format-standard","hentry","category-actualidad","tag-boicot-moviles"],"_links":{"self":[{"href":"https:\/\/junjan.org\/wordpress\/wp-json\/wp\/v2\/posts\/879","targetHints":{"allow":["GET"]}}],"collection":[{"href":"https:\/\/junjan.org\/wordpress\/wp-json\/wp\/v2\/posts"}],"about":[{"href":"https:\/\/junjan.org\/wordpress\/wp-json\/wp\/v2\/types\/post"}],"author":[{"embeddable":true,"href":"https:\/\/junjan.org\/wordpress\/wp-json\/wp\/v2\/users\/1"}],"replies":[{"embeddable":true,"href":"https:\/\/junjan.org\/wordpress\/wp-json\/wp\/v2\/comments?post=879"}],"version-history":[{"count":0,"href":"https:\/\/junjan.org\/wordpress\/wp-json\/wp\/v2\/posts\/879\/revisions"}],"wp:attachment":[{"href":"https:\/\/junjan.org\/wordpress\/wp-json\/wp\/v2\/media?parent=879"}],"wp:term":[{"taxonomy":"category","embeddable":true,"href":"https:\/\/junjan.org\/wordpress\/wp-json\/wp\/v2\/categories?post=879"},{"taxonomy":"post_tag","embeddable":true,"href":"https:\/\/junjan.org\/wordpress\/wp-json\/wp\/v2\/tags?post=879"}],"curies":[{"name":"wp","href":"https:\/\/api.w.org\/{rel}","templated":true}]}}