{"id":880,"date":"2007-02-08T00:37:56","date_gmt":"2007-02-08T00:37:56","guid":{"rendered":"http:\/\/junjan.org\/wordpress\/?p=880"},"modified":"2007-02-08T00:37:56","modified_gmt":"2007-02-08T00:37:56","slug":"seis_de_febrero_apagn_telefnico_y_3","status":"publish","type":"post","link":"https:\/\/junjan.org\/wordpress\/2007\/02\/seis_de_febrero_apagn_telefnico_y_3\/","title":{"rendered":"Seis de febrero: Apag\u00f3n telef\u00f3nico (y 3)"},"content":{"rendered":"<p>Reacciones.<\/p>\n<blockquote><p>\u00ab20 Minutos\u00bb:http:\/\/www.20minutos.es\/noticia\/199439\/0\/huelga\/telefonia\/movil\/<br \/>\n20minutos.es se ha puesto en contacto con varias de ellas. Al ser consultadas sobre el seguimiento de la huelga, fuentes de Telef\u00f3nica M\u00f3viles Espa\u00f1a han confirmado que ayer \u00abno s\u00f3lo no disminuy\u00f3 el tr\u00e1fico con respecto a un d\u00eda normal en la red de Movistar, sino que aument\u00f3 ligeramente\u00bb.\n<\/p><\/blockquote>\n<p>Movistar se \u00abtira el pisto\u00bb y afirma que tuvo m\u00e1s llamadas&#8230; \u00a1Qu\u00e9 van a decir! Si dijeran la verdad, o sea, que much\u00edsima gente no us\u00f3 ayer el m\u00f3vil, el d\u00eda \u00ab1 de Marzo\u00bb:http:\/\/www.boicot.es.kz\/ se les va a caer el pelo. Pero que no se preocupen, su credibilidad es \u00ednfima, s\u00f3lo hay que ver sus anuncios. No estar\u00eda mal que alg\u00fan empleado descontento filtrara las estad\u00edsticas de ayer&#8230;<\/p>\n","protected":false},"excerpt":{"rendered":"<p>Reacciones. \u00ab20 Minutos\u00bb:http:\/\/www.20minutos.es\/noticia\/199439\/0\/huelga\/telefonia\/movil\/ 20minutos.es se ha puesto en contacto con varias de ellas. Al ser consultadas sobre el seguimiento de la huelga, fuentes de Telef\u00f3nica M\u00f3viles Espa\u00f1a han confirmado que ayer \u00abno s\u00f3lo no disminuy\u00f3 el tr\u00e1fico con respecto a un d\u00eda normal en la red de Movistar, sino que aument\u00f3 ligeramente\u00bb. Movistar se \u00abtira&hellip;&nbsp;<a href=\"https:\/\/junjan.org\/wordpress\/2007\/02\/seis_de_febrero_apagn_telefnico_y_3\/\" rel=\"bookmark\">Leer m\u00e1s &raquo;<span class=\"screen-reader-text\">Seis de febrero: Apag\u00f3n telef\u00f3nico (y 3)<\/span><\/a><\/p>\n","protected":false},"author":1,"featured_media":0,"comment_status":"open","ping_status":"open","sticky":false,"template":"","format":"standard","meta":{"neve_meta_sidebar":"","neve_meta_container":"","neve_meta_enable_content_width":"","neve_meta_content_width":0,"neve_meta_title_alignment":"","neve_meta_author_avatar":"","neve_post_elements_order":"","neve_meta_disable_header":"","neve_meta_disable_footer":"","neve_meta_disable_title":"","footnotes":""},"categories":[5],"tags":[305],"class_list":["post-880","post","type-post","status-publish","format-standard","hentry","category-actualidad","tag-apagon-telefonico-moviles-caidos"],"_links":{"self":[{"href":"https:\/\/junjan.org\/wordpress\/wp-json\/wp\/v2\/posts\/880","targetHints":{"allow":["GET"]}}],"collection":[{"href":"https:\/\/junjan.org\/wordpress\/wp-json\/wp\/v2\/posts"}],"about":[{"href":"https:\/\/junjan.org\/wordpress\/wp-json\/wp\/v2\/types\/post"}],"author":[{"embeddable":true,"href":"https:\/\/junjan.org\/wordpress\/wp-json\/wp\/v2\/users\/1"}],"replies":[{"embeddable":true,"href":"https:\/\/junjan.org\/wordpress\/wp-json\/wp\/v2\/comments?post=880"}],"version-history":[{"count":0,"href":"https:\/\/junjan.org\/wordpress\/wp-json\/wp\/v2\/posts\/880\/revisions"}],"wp:attachment":[{"href":"https:\/\/junjan.org\/wordpress\/wp-json\/wp\/v2\/media?parent=880"}],"wp:term":[{"taxonomy":"category","embeddable":true,"href":"https:\/\/junjan.org\/wordpress\/wp-json\/wp\/v2\/categories?post=880"},{"taxonomy":"post_tag","embeddable":true,"href":"https:\/\/junjan.org\/wordpress\/wp-json\/wp\/v2\/tags?post=880"}],"curies":[{"name":"wp","href":"https:\/\/api.w.org\/{rel}","templated":true}]}}