{"id":882,"date":"2007-02-28T15:43:38","date_gmt":"2007-02-28T15:43:38","guid":{"rendered":"http:\/\/junjan.org\/wordpress\/?p=882"},"modified":"2007-02-28T15:43:38","modified_gmt":"2007-02-28T15:43:38","slug":"1_de_marzo_da_sin_mvil","status":"publish","type":"post","link":"https:\/\/junjan.org\/wordpress\/2007\/02\/1_de_marzo_da_sin_mvil\/","title":{"rendered":"1 de Marzo D\u00eda sin M\u00f3vil"},"content":{"rendered":"<p>Un recordatorio de la [\u00abconvocatoria de ma\u00f1ana\u00bb:http:\/\/www.boicot.es.kz\/].<\/p>\n<blockquote><p>\n<strong>Contra el abuso de las operadoras m\u00f3viles.<\/strong><br \/>\n\u00ac Las operadoras de m\u00f3viles ya tienen preparada la nueva tarificaci\u00f3n por segundos. La desaparici\u00f3n del redondeo al alza ser\u00e1 efectiva a partir del pr\u00f3ximo 1 de marzo de este a\u00f1o, como exige la nueva Ley de Mejora de la Protecci\u00f3n de los Consumidores y Usuarios aprobada por el pleno del Congreso de los Diputados el pasado 21 de Diciembre.<br \/>\n\u00ac Las operadoras de telefon\u00eda m\u00f3vil han puesto en marcha su maquinaria comercial y de marketing para ajustar en segundos a las distintas tarifas que en la actualidad aplican a cerca de 40 millones de clientes.<br \/>\n\u00ac Para compensar la tarificaci\u00f3n por segundos:<br \/>\n@ Nos suben el establecimiento de llamada de 12 a 15 c\u00e9ntimos ni m\u00e1s ni menos que un 25%. Establecimiento que ni siguiera existe en otros pa\u00edses europeos.<br \/>\n@ Suben el precio por minuto entre un 15 y un 20%.<br \/>\n\u00ac Como acto de protesta se sugiere que el d\u00eda 1 de marzo, d\u00eda que entran en vigor las nuevas tarifas, no se utilice el m\u00f3vil absolutamente para nada, a no ser que sea de extrema urgencia.<br \/>\n\u00ac Se intenta dar un toque de atenci\u00f3n a estas compa\u00f1\u00edas y que sepan que no estamos de acuerdo con sus abusos.<\/p><\/blockquote>\n","protected":false},"excerpt":{"rendered":"<p>Un recordatorio de la [\u00abconvocatoria de ma\u00f1ana\u00bb:http:\/\/www.boicot.es.kz\/]. Contra el abuso de las operadoras m\u00f3viles. \u00ac Las operadoras de m\u00f3viles ya tienen preparada la nueva tarificaci\u00f3n por segundos. La desaparici\u00f3n del redondeo al alza ser\u00e1 efectiva a partir del pr\u00f3ximo 1 de marzo de este a\u00f1o, como exige la nueva Ley de Mejora de la Protecci\u00f3n&hellip;&nbsp;<a href=\"https:\/\/junjan.org\/wordpress\/2007\/02\/1_de_marzo_da_sin_mvil\/\" rel=\"bookmark\">Leer m\u00e1s &raquo;<span class=\"screen-reader-text\">1 de Marzo D\u00eda sin M\u00f3vil<\/span><\/a><\/p>\n","protected":false},"author":1,"featured_media":0,"comment_status":"open","ping_status":"open","sticky":false,"template":"","format":"standard","meta":{"neve_meta_sidebar":"","neve_meta_container":"","neve_meta_enable_content_width":"","neve_meta_content_width":0,"neve_meta_title_alignment":"","neve_meta_author_avatar":"","neve_post_elements_order":"","neve_meta_disable_header":"","neve_meta_disable_footer":"","neve_meta_disable_title":"","footnotes":""},"categories":[5],"tags":[307],"class_list":["post-882","post","type-post","status-publish","format-standard","hentry","category-actualidad","tag-telefonica-boicot-apagon-moviles-tarifas-vodafone-orange"],"_links":{"self":[{"href":"https:\/\/junjan.org\/wordpress\/wp-json\/wp\/v2\/posts\/882","targetHints":{"allow":["GET"]}}],"collection":[{"href":"https:\/\/junjan.org\/wordpress\/wp-json\/wp\/v2\/posts"}],"about":[{"href":"https:\/\/junjan.org\/wordpress\/wp-json\/wp\/v2\/types\/post"}],"author":[{"embeddable":true,"href":"https:\/\/junjan.org\/wordpress\/wp-json\/wp\/v2\/users\/1"}],"replies":[{"embeddable":true,"href":"https:\/\/junjan.org\/wordpress\/wp-json\/wp\/v2\/comments?post=882"}],"version-history":[{"count":0,"href":"https:\/\/junjan.org\/wordpress\/wp-json\/wp\/v2\/posts\/882\/revisions"}],"wp:attachment":[{"href":"https:\/\/junjan.org\/wordpress\/wp-json\/wp\/v2\/media?parent=882"}],"wp:term":[{"taxonomy":"category","embeddable":true,"href":"https:\/\/junjan.org\/wordpress\/wp-json\/wp\/v2\/categories?post=882"},{"taxonomy":"post_tag","embeddable":true,"href":"https:\/\/junjan.org\/wordpress\/wp-json\/wp\/v2\/tags?post=882"}],"curies":[{"name":"wp","href":"https:\/\/api.w.org\/{rel}","templated":true}]}}