{"id":883,"date":"2007-03-03T01:46:48","date_gmt":"2007-03-03T00:46:48","guid":{"rendered":"http:\/\/junjan.org\/wordpress\/?p=883"},"modified":"2011-05-24T23:07:15","modified_gmt":"2011-05-24T21:07:15","slug":"amnsicos","status":"publish","type":"post","link":"https:\/\/junjan.org\/wordpress\/2007\/03\/amnsicos\/","title":{"rendered":"Amn\u00e9sicos"},"content":{"rendered":"<p>La derecha liberal y cat\u00f3lica que inunda nuestro sacrosanto pa\u00eds con r\u00edos de banderas rojigualdas vive en una perpetua y desmemoriada burbuja donde todo hecho hist\u00f3rico que atente contra su concepci\u00f3n esquizoide del mundo es olvidado. No ha existido.<br \/>\n[\u00abLo vuelvo a recordar\u00bb:http:\/\/www.junjan.org\/weblog\/archives\/2007\/01\/03\/desfachatez.html]. Durante el gobierno del PP se produjeron <strong>311 excarcelaciones de etarras<\/strong>. De las cuales,  64 fueron de terroristas condenados por asesinatos m\u00faltiples, como por ejemplo I\u00f1aki Bilbao.<br \/>\nEs muy f\u00e1cil negar el pasado. Alg\u00fan columnista hasta tiene la desfachatez de profetizar que  Rubalcaba  pasar\u00e1 a la historia como el que puso en la calle al etarra asesino&#8230;<br \/>\nLo que hay que ver.<br \/>\n<strong>Actualizaci\u00f3n:<\/strong><br \/>\nClaro que \u00abse les ve el plumero\u00bb:http:\/\/www.20minutos.es\/data\/img\/2007\/03\/03\/567153.jpg [\u00abcada vez m\u00e1s\u00bb:http:\/\/www.20minutos.es\/data\/img\/2007\/03\/03\/567151.jpg].<\/p>\n","protected":false},"excerpt":{"rendered":"<p>La derecha liberal y cat\u00f3lica que inunda nuestro sacrosanto pa\u00eds con r\u00edos de banderas rojigualdas vive en una perpetua y desmemoriada burbuja donde todo hecho hist\u00f3rico que atente contra su concepci\u00f3n esquizoide del mundo es olvidado. No ha existido. [\u00abLo vuelvo a recordar\u00bb:http:\/\/www.junjan.org\/weblog\/archives\/2007\/01\/03\/desfachatez.html]. Durante el gobierno del PP se produjeron 311 excarcelaciones de etarras. De&hellip;&nbsp;<a href=\"https:\/\/junjan.org\/wordpress\/2007\/03\/amnsicos\/\" rel=\"bookmark\">Leer m\u00e1s &raquo;<span class=\"screen-reader-text\">Amn\u00e9sicos<\/span><\/a><\/p>\n","protected":false},"author":1,"featured_media":0,"comment_status":"open","ping_status":"open","sticky":false,"template":"","format":"standard","meta":{"neve_meta_sidebar":"","neve_meta_container":"","neve_meta_enable_content_width":"","neve_meta_content_width":0,"neve_meta_title_alignment":"","neve_meta_author_avatar":"","neve_post_elements_order":"","neve_meta_disable_header":"","neve_meta_disable_footer":"","neve_meta_disable_title":"","footnotes":""},"categories":[5],"tags":[634,509,635,507],"class_list":["post-883","post","type-post","status-publish","format-standard","hentry","category-actualidad","tag-desfachatez","tag-eta","tag-juana-chaos","tag-pp"],"_links":{"self":[{"href":"https:\/\/junjan.org\/wordpress\/wp-json\/wp\/v2\/posts\/883","targetHints":{"allow":["GET"]}}],"collection":[{"href":"https:\/\/junjan.org\/wordpress\/wp-json\/wp\/v2\/posts"}],"about":[{"href":"https:\/\/junjan.org\/wordpress\/wp-json\/wp\/v2\/types\/post"}],"author":[{"embeddable":true,"href":"https:\/\/junjan.org\/wordpress\/wp-json\/wp\/v2\/users\/1"}],"replies":[{"embeddable":true,"href":"https:\/\/junjan.org\/wordpress\/wp-json\/wp\/v2\/comments?post=883"}],"version-history":[{"count":1,"href":"https:\/\/junjan.org\/wordpress\/wp-json\/wp\/v2\/posts\/883\/revisions"}],"predecessor-version":[{"id":1299,"href":"https:\/\/junjan.org\/wordpress\/wp-json\/wp\/v2\/posts\/883\/revisions\/1299"}],"wp:attachment":[{"href":"https:\/\/junjan.org\/wordpress\/wp-json\/wp\/v2\/media?parent=883"}],"wp:term":[{"taxonomy":"category","embeddable":true,"href":"https:\/\/junjan.org\/wordpress\/wp-json\/wp\/v2\/categories?post=883"},{"taxonomy":"post_tag","embeddable":true,"href":"https:\/\/junjan.org\/wordpress\/wp-json\/wp\/v2\/tags?post=883"}],"curies":[{"name":"wp","href":"https:\/\/api.w.org\/{rel}","templated":true}]}}