{"id":884,"date":"2007-03-09T12:48:02","date_gmt":"2007-03-09T12:48:02","guid":{"rendered":"http:\/\/junjan.org\/wordpress\/?p=884"},"modified":"2007-03-09T12:48:02","modified_gmt":"2007-03-09T12:48:02","slug":"enagenados_extremistas","status":"publish","type":"post","link":"https:\/\/junjan.org\/wordpress\/2007\/03\/enagenados_extremistas\/","title":{"rendered":"Enajenados extremistas"},"content":{"rendered":"<blockquote><p>El Partido Popular ha asumido una grave responsabilidad al convocar la manifestaci\u00f3n de ma\u00f1ana, que significa sacar de las instituciones y llevar a la calle una de las controversias m\u00e1s emocionales y enconadas que ha vivido la democracia espa\u00f1ola en materia de lucha antiterrorista. Sus l\u00edderes se han colocado en una situaci\u00f3n de esquizofrenia pol\u00edtica en la que deben desautorizar el discurso y las actitudes de los mismos extremistas a los que, por otro lado, est\u00e1n facilitando un vistoso escaparate y una inmejorable rampa de lanzamiento.<br \/>\nUna fuerza pol\u00edtica con representaci\u00f3n parlamentaria y que controla una parte sustancial del poder municipal y auton\u00f3mico no puede llamar a la rebeli\u00f3n callejera, ni aun calific\u00e1ndola de \u00abc\u00edvica\u00bb, porque es tanto como declarar que las instituciones democr\u00e1ticas en las que participa o en las que gobierna han dejado de servir.<\/p><\/blockquote>\n<p>[\u00abLa devaluaci\u00f3n de las instituciones\u00bb:http:\/\/www.elpais.com\/articulo\/opinion\/devaluacion\/instituciones\/elpepuopi\/20070309elpepiopi_1\/Tes#EnlaceComentarios] (El Pa\u00eds)<br \/>\n[\u00abVi\u00f1eta de Forges\u00bb:http:\/\/www.elpais.com\/recorte\/20070309elpepivin_1\/XLCO\/Ges\/20070309elpepivin_1.jpg].<\/p>\n","protected":false},"excerpt":{"rendered":"<p>El Partido Popular ha asumido una grave responsabilidad al convocar la manifestaci\u00f3n de ma\u00f1ana, que significa sacar de las instituciones y llevar a la calle una de las controversias m\u00e1s emocionales y enconadas que ha vivido la democracia espa\u00f1ola en materia de lucha antiterrorista. Sus l\u00edderes se han colocado en una situaci\u00f3n de esquizofrenia pol\u00edtica&hellip;&nbsp;<a href=\"https:\/\/junjan.org\/wordpress\/2007\/03\/enagenados_extremistas\/\" rel=\"bookmark\">Leer m\u00e1s &raquo;<span class=\"screen-reader-text\">Enajenados extremistas<\/span><\/a><\/p>\n","protected":false},"author":1,"featured_media":0,"comment_status":"open","ping_status":"open","sticky":false,"template":"","format":"standard","meta":{"neve_meta_sidebar":"","neve_meta_container":"","neve_meta_enable_content_width":"","neve_meta_content_width":0,"neve_meta_title_alignment":"","neve_meta_author_avatar":"","neve_post_elements_order":"","neve_meta_disable_header":"","neve_meta_disable_footer":"","neve_meta_disable_title":"","footnotes":""},"categories":[1],"tags":[309],"class_list":["post-884","post","type-post","status-publish","format-standard","hentry","category-uncategorized","tag-pp-juana-chaos-manifestaciones"],"_links":{"self":[{"href":"https:\/\/junjan.org\/wordpress\/wp-json\/wp\/v2\/posts\/884","targetHints":{"allow":["GET"]}}],"collection":[{"href":"https:\/\/junjan.org\/wordpress\/wp-json\/wp\/v2\/posts"}],"about":[{"href":"https:\/\/junjan.org\/wordpress\/wp-json\/wp\/v2\/types\/post"}],"author":[{"embeddable":true,"href":"https:\/\/junjan.org\/wordpress\/wp-json\/wp\/v2\/users\/1"}],"replies":[{"embeddable":true,"href":"https:\/\/junjan.org\/wordpress\/wp-json\/wp\/v2\/comments?post=884"}],"version-history":[{"count":0,"href":"https:\/\/junjan.org\/wordpress\/wp-json\/wp\/v2\/posts\/884\/revisions"}],"wp:attachment":[{"href":"https:\/\/junjan.org\/wordpress\/wp-json\/wp\/v2\/media?parent=884"}],"wp:term":[{"taxonomy":"category","embeddable":true,"href":"https:\/\/junjan.org\/wordpress\/wp-json\/wp\/v2\/categories?post=884"},{"taxonomy":"post_tag","embeddable":true,"href":"https:\/\/junjan.org\/wordpress\/wp-json\/wp\/v2\/tags?post=884"}],"curies":[{"name":"wp","href":"https:\/\/api.w.org\/{rel}","templated":true}]}}