{"id":891,"date":"2007-04-09T13:07:14","date_gmt":"2007-04-09T13:07:14","guid":{"rendered":"http:\/\/junjan.org\/wordpress\/?p=891"},"modified":"2007-04-09T13:07:14","modified_gmt":"2007-04-09T13:07:14","slug":"moral_totalitaria","status":"publish","type":"post","link":"https:\/\/junjan.org\/wordpress\/2007\/04\/moral_totalitaria\/","title":{"rendered":"Moral totalitaria"},"content":{"rendered":"<p>Magn\u00edfico art\u00edculo de Rosa Montero en El Pa\u00eds, [\u00abLa enfermedad moral totalitaria\u00bb:http:\/\/www.elpais.com\/articulo\/paginas\/enfermedad\/moral\/totalitaria\/elppor\/20070408elpepspag_12\/Tes], fragmento:<\/p>\n<blockquote><p>La vida de los otros, del principiante Florian Henkel-Donnersmerck, deber\u00eda ser proyectada en los colegios. Es una obra maravillosa capaz de reflejar el horror de una dictadura totalitaria, en este caso la de la Rep\u00fablica Democr\u00e1tica Alemana. Y ese horror est\u00e1 explicado sin excesos, sin torturas, sin recurrir a los trazos gruesos, con la mera exposici\u00f3n de la perversi\u00f3n del sistema, de la absoluta falta de libertad. Con el agravante de que todo eso, toda esa aberraci\u00f3n social y esa pena negra, se enmascaraba bajo un mentiroso manto de bell\u00edsimas palabras e intenciones, bajo la excusa de la revoluci\u00f3n, del bienestar de los pobres y de la justicia. El totalitarismo de izquierdas es una repugnante enfermedad moral. El de derechas tambi\u00e9n, naturalmente, pero eso es algo mundialmente admitido: nadie discute el car\u00e1cter patol\u00f3gico del nazismo. Y, sin embargo, \u00a1cu\u00e1ntos izquierdistas siguen a\u00f1orando, disculpando y mitificando los infiernos de las dictaduras populares!<br \/>\nEl perfecto ejemplo de esta ofuscaci\u00f3n \u00e9tica es el caso de Cuba. La verdad es que no consigo entender c\u00f3mo personas que en todo lo dem\u00e1s se muestran sensatas, y que parece que son buena gente, y que denuncian con vigor los abusos que se cometen en otras partes del mundo, son capaces de perder de repente todo criterio y de ponerse a justificar los mismos abusos si suceden en Cuba. \u00bfQu\u00e9 se est\u00e1n jugando para cegarse as\u00ed? \u00bfEl narcisismo de dividir el mundo entre buenos y malos y de adjudicarse a perpetuidad un puesto entre los primeros?<\/p><\/blockquote>\n","protected":false},"excerpt":{"rendered":"<p>Magn\u00edfico art\u00edculo de Rosa Montero en El Pa\u00eds, [\u00abLa enfermedad moral totalitaria\u00bb:http:\/\/www.elpais.com\/articulo\/paginas\/enfermedad\/moral\/totalitaria\/elppor\/20070408elpepspag_12\/Tes], fragmento: La vida de los otros, del principiante Florian Henkel-Donnersmerck, deber\u00eda ser proyectada en los colegios. Es una obra maravillosa capaz de reflejar el horror de una dictadura totalitaria, en este caso la de la Rep\u00fablica Democr\u00e1tica Alemana. Y ese horror est\u00e1 explicado&hellip;&nbsp;<a href=\"https:\/\/junjan.org\/wordpress\/2007\/04\/moral_totalitaria\/\" rel=\"bookmark\">Leer m\u00e1s &raquo;<span class=\"screen-reader-text\">Moral totalitaria<\/span><\/a><\/p>\n","protected":false},"author":1,"featured_media":0,"comment_status":"open","ping_status":"open","sticky":false,"template":"","format":"standard","meta":{"neve_meta_sidebar":"","neve_meta_container":"","neve_meta_enable_content_width":"","neve_meta_content_width":0,"neve_meta_title_alignment":"","neve_meta_author_avatar":"","neve_post_elements_order":"","neve_meta_disable_header":"","neve_meta_disable_footer":"","neve_meta_disable_title":"","footnotes":""},"categories":[49],"tags":[316],"class_list":["post-891","post","type-post","status-publish","format-standard","hentry","category-lecturas","tag-totalitarismo-dictadura-cuba"],"_links":{"self":[{"href":"https:\/\/junjan.org\/wordpress\/wp-json\/wp\/v2\/posts\/891","targetHints":{"allow":["GET"]}}],"collection":[{"href":"https:\/\/junjan.org\/wordpress\/wp-json\/wp\/v2\/posts"}],"about":[{"href":"https:\/\/junjan.org\/wordpress\/wp-json\/wp\/v2\/types\/post"}],"author":[{"embeddable":true,"href":"https:\/\/junjan.org\/wordpress\/wp-json\/wp\/v2\/users\/1"}],"replies":[{"embeddable":true,"href":"https:\/\/junjan.org\/wordpress\/wp-json\/wp\/v2\/comments?post=891"}],"version-history":[{"count":0,"href":"https:\/\/junjan.org\/wordpress\/wp-json\/wp\/v2\/posts\/891\/revisions"}],"wp:attachment":[{"href":"https:\/\/junjan.org\/wordpress\/wp-json\/wp\/v2\/media?parent=891"}],"wp:term":[{"taxonomy":"category","embeddable":true,"href":"https:\/\/junjan.org\/wordpress\/wp-json\/wp\/v2\/categories?post=891"},{"taxonomy":"post_tag","embeddable":true,"href":"https:\/\/junjan.org\/wordpress\/wp-json\/wp\/v2\/tags?post=891"}],"curies":[{"name":"wp","href":"https:\/\/api.w.org\/{rel}","templated":true}]}}