{"id":895,"date":"2007-04-29T10:47:38","date_gmt":"2007-04-29T10:47:38","guid":{"rendered":"http:\/\/junjan.org\/wordpress\/?p=895"},"modified":"2007-04-29T10:47:38","modified_gmt":"2007-04-29T10:47:38","slug":"y_otra_boca_mas","status":"publish","type":"post","link":"https:\/\/junjan.org\/wordpress\/2007\/04\/y_otra_boca_mas\/","title":{"rendered":"Y otra boca m\u00e1s"},"content":{"rendered":"<p>Entendedme bien. Que yo no digo que no tenga que ser noticia. Reconozco que es algo inevitable y que tiene que salir en los medios. Que si, otro Borboncito m\u00e1s.. Pero, parar la programaci\u00f3n, cuatro columnas, [\u00abportada online brutal y monogr\u00e1fica\u00bb:http:\/\/www.junjan.org\/weblog\/images\/2007-04-09-ELPAIS.com-Portada.png], sacar a todo el equipo m\u00e9dico en traje de bonito, esos momentos de babosez cuasi-infinitos, peloteo biun\u00edvoco , moviola y repetici\u00f3n de las mejores frases&#8230; Es que no tienen l\u00edmite.<br \/>\nY mientras tanto en alguna oscura esquina de los medios espa\u00f1oles y en la portada de [\u00abmedios m\u00e1s serios\u00bb:http:\/\/news.bbc.co.uk\/], el \u00abfuturo de Turqu\u00eda\u00bb:http:\/\/news.bbc.co.uk\/2\/hi\/europe\/6604643.stm se dirime en las calles&#8230;<\/p>\n","protected":false},"excerpt":{"rendered":"<p>Entendedme bien. Que yo no digo que no tenga que ser noticia. Reconozco que es algo inevitable y que tiene que salir en los medios. Que si, otro Borboncito m\u00e1s.. Pero, parar la programaci\u00f3n, cuatro columnas, [\u00abportada online brutal y monogr\u00e1fica\u00bb:http:\/\/www.junjan.org\/weblog\/images\/2007-04-09-ELPAIS.com-Portada.png], sacar a todo el equipo m\u00e9dico en traje de bonito, esos momentos de babosez&hellip;&nbsp;<a href=\"https:\/\/junjan.org\/wordpress\/2007\/04\/y_otra_boca_mas\/\" rel=\"bookmark\">Leer m\u00e1s &raquo;<span class=\"screen-reader-text\">Y otra boca m\u00e1s<\/span><\/a><\/p>\n","protected":false},"author":1,"featured_media":0,"comment_status":"open","ping_status":"open","sticky":false,"template":"","format":"standard","meta":{"neve_meta_sidebar":"","neve_meta_container":"","neve_meta_enable_content_width":"","neve_meta_content_width":0,"neve_meta_title_alignment":"","neve_meta_author_avatar":"","neve_post_elements_order":"","neve_meta_disable_header":"","neve_meta_disable_footer":"","neve_meta_disable_title":"","footnotes":""},"categories":[84],"tags":[320],"class_list":["post-895","post","type-post","status-publish","format-standard","hentry","category-divagaciones","tag-monarquia-anacronismo-familia-real-reyes"],"_links":{"self":[{"href":"https:\/\/junjan.org\/wordpress\/wp-json\/wp\/v2\/posts\/895","targetHints":{"allow":["GET"]}}],"collection":[{"href":"https:\/\/junjan.org\/wordpress\/wp-json\/wp\/v2\/posts"}],"about":[{"href":"https:\/\/junjan.org\/wordpress\/wp-json\/wp\/v2\/types\/post"}],"author":[{"embeddable":true,"href":"https:\/\/junjan.org\/wordpress\/wp-json\/wp\/v2\/users\/1"}],"replies":[{"embeddable":true,"href":"https:\/\/junjan.org\/wordpress\/wp-json\/wp\/v2\/comments?post=895"}],"version-history":[{"count":0,"href":"https:\/\/junjan.org\/wordpress\/wp-json\/wp\/v2\/posts\/895\/revisions"}],"wp:attachment":[{"href":"https:\/\/junjan.org\/wordpress\/wp-json\/wp\/v2\/media?parent=895"}],"wp:term":[{"taxonomy":"category","embeddable":true,"href":"https:\/\/junjan.org\/wordpress\/wp-json\/wp\/v2\/categories?post=895"},{"taxonomy":"post_tag","embeddable":true,"href":"https:\/\/junjan.org\/wordpress\/wp-json\/wp\/v2\/tags?post=895"}],"curies":[{"name":"wp","href":"https:\/\/api.w.org\/{rel}","templated":true}]}}