{"id":896,"date":"2007-04-29T22:39:35","date_gmt":"2007-04-29T22:39:35","guid":{"rendered":"http:\/\/junjan.org\/wordpress\/?p=896"},"modified":"2007-04-29T22:39:35","modified_gmt":"2007-04-29T22:39:35","slug":"monarquicos_y_babosos_vii","status":"publish","type":"post","link":"https:\/\/junjan.org\/wordpress\/2007\/04\/monarquicos_y_babosos_vii\/","title":{"rendered":"Mon\u00e1rquicos y babosos (VII)"},"content":{"rendered":"<p>Sigue la re\u00f1ida competici\u00f3n entre nuestros pol\u00edticos para ver quien es [\u00abm\u00e1s pelota con la familia real\u00bb:http:\/\/www.elpais.com\/articulo\/espana\/Zapatero\/felicita\/principe\/nacimiento\/afianza\/linea\/sucesoria\/elpepuesp\/20070429elpepunac_5\/Tes]. Nuestro insigne y talantudo presidente se lleva el premio y adem\u00e1s un acc\u00e9sit de agravante al ir en contra del ideario hist\u00f3rico de su partido. No dice nada m\u00e1s que el nacimiento de un segundo Borb\u00f3n de primera clase con derecho a sueldo de por vida y t\u00edtulo, ejem, <em>\u00abafianza la l\u00ednea sucesoria de la Monarqu\u00eda espa\u00f1ola\u00bb<\/em>. \u00bfC\u00f3mo? \u00bfLinea sucesoria? \u00bfMentamos la soga?<br \/>\nPodr\u00eda entender (o no) un telegrama en plan PP con aquello de la <em>\u00abafectuosa enhorabuena por el feliz acontecimiento\u00bb<\/em> y tal y tal. Me gustar\u00eda m\u00e1s una ce\u00f1uda felicitaci\u00f3n con subt\u00edtulo y retranca como Llamazares. Pero meterse ya en trabajo de mamporrero mon\u00e1rquico me parece de muy mal gusto.<\/p>\n","protected":false},"excerpt":{"rendered":"<p>Sigue la re\u00f1ida competici\u00f3n entre nuestros pol\u00edticos para ver quien es [\u00abm\u00e1s pelota con la familia real\u00bb:http:\/\/www.elpais.com\/articulo\/espana\/Zapatero\/felicita\/principe\/nacimiento\/afianza\/linea\/sucesoria\/elpepuesp\/20070429elpepunac_5\/Tes]. Nuestro insigne y talantudo presidente se lleva el premio y adem\u00e1s un acc\u00e9sit de agravante al ir en contra del ideario hist\u00f3rico de su partido. No dice nada m\u00e1s que el nacimiento de un segundo Borb\u00f3n de primera&hellip;&nbsp;<a href=\"https:\/\/junjan.org\/wordpress\/2007\/04\/monarquicos_y_babosos_vii\/\" rel=\"bookmark\">Leer m\u00e1s &raquo;<span class=\"screen-reader-text\">Mon\u00e1rquicos y babosos (VII)<\/span><\/a><\/p>\n","protected":false},"author":1,"featured_media":0,"comment_status":"open","ping_status":"open","sticky":false,"template":"","format":"standard","meta":{"neve_meta_sidebar":"","neve_meta_container":"","neve_meta_enable_content_width":"","neve_meta_content_width":0,"neve_meta_title_alignment":"","neve_meta_author_avatar":"","neve_post_elements_order":"","neve_meta_disable_header":"","neve_meta_disable_footer":"","neve_meta_disable_title":"","footnotes":""},"categories":[84],"tags":[321],"class_list":["post-896","post","type-post","status-publish","format-standard","hentry","category-divagaciones","tag-monarquia-anacronismo"],"_links":{"self":[{"href":"https:\/\/junjan.org\/wordpress\/wp-json\/wp\/v2\/posts\/896","targetHints":{"allow":["GET"]}}],"collection":[{"href":"https:\/\/junjan.org\/wordpress\/wp-json\/wp\/v2\/posts"}],"about":[{"href":"https:\/\/junjan.org\/wordpress\/wp-json\/wp\/v2\/types\/post"}],"author":[{"embeddable":true,"href":"https:\/\/junjan.org\/wordpress\/wp-json\/wp\/v2\/users\/1"}],"replies":[{"embeddable":true,"href":"https:\/\/junjan.org\/wordpress\/wp-json\/wp\/v2\/comments?post=896"}],"version-history":[{"count":0,"href":"https:\/\/junjan.org\/wordpress\/wp-json\/wp\/v2\/posts\/896\/revisions"}],"wp:attachment":[{"href":"https:\/\/junjan.org\/wordpress\/wp-json\/wp\/v2\/media?parent=896"}],"wp:term":[{"taxonomy":"category","embeddable":true,"href":"https:\/\/junjan.org\/wordpress\/wp-json\/wp\/v2\/categories?post=896"},{"taxonomy":"post_tag","embeddable":true,"href":"https:\/\/junjan.org\/wordpress\/wp-json\/wp\/v2\/tags?post=896"}],"curies":[{"name":"wp","href":"https:\/\/api.w.org\/{rel}","templated":true}]}}