{"id":9,"date":"2004-01-07T19:54:48","date_gmt":"2004-01-07T19:54:48","guid":{"rendered":"http:\/\/junjan.org\/wordpress\/?p=9"},"modified":"2011-07-15T12:59:09","modified_gmt":"2011-07-15T10:59:09","slug":"es_aznar_falangista","status":"publish","type":"post","link":"https:\/\/junjan.org\/wordpress\/2004\/01\/es_aznar_falangista\/","title":{"rendered":"\u00bfEs Aznar falangista?"},"content":{"rendered":"<p>Teniendo en cuenta la pol\u00edtica de derecha nacional-hisp\u00e1nica del gobierno de Aznar, \u00bfpodr\u00edamos decir que tiene matices falangistas?<br \/>\nHay por lo menos dos puntos del ideario falangista que se siguen desde el gobierno a rajatabla:<\/p>\n<blockquote><p>1. Unidad irrevocable de Espa\u00f1a, cuya Misi\u00f3n hist\u00f3rica, la proclamaci\u00f3n por todo el mundo del \u00abMensaje Universal de Salvaci\u00f3n\u00bb, tiene un valor moral superior a la opini\u00f3n y a la voluntad de los individuos y los grupos. Reivindicaci\u00f3n internacional para Espa\u00f1a de la \u00abrector\u00eda en las empresas universales del esp\u00edritu\u00bb, de acuerdo con su gloriosa vocaci\u00f3n y trayectoria hist\u00f3ricas.<\/p><\/blockquote>\n<p>Como vemos, Aznar punt\u00faa muy alto. Se opone a capa y espada a la federalizaci\u00f3n l\u00f3gica de Espa\u00f1a y se al\u00eda con George W. Bush en sus locos proyectos imperialistas.<\/p>\n<blockquote><p>2. Inspiraci\u00f3n cat\u00f3lica de la ense\u00f1anza, la moral p\u00fablica y las costumbres. Sujeci\u00f3n estricta del Estado, los poderes p\u00fablicos y cualquier forma eventual de participaci\u00f3n popular en las tareas de gobierno, a la Tradici\u00f3n Cat\u00f3lica de Espa\u00f1a, que se expresa y se vive en r\u00e9gimen de monopolio a trav\u00e9s del Misterio de la Iglesia.<\/p><\/blockquote>\n<p>Aqu\u00ed Aznar va camino de conseguir un sobresaliente. Equiparando la asignatura de religi\u00f3n a la de matem\u00e1ticas, firmando nuevos tratados con la Iglesia, mandando representaciones a beatificaciones varias, emparent\u00e1ndose con los legionarios de Cristo&#8230; En fin, haciendo que nuestro luchado estado laico, vuelva a ser cat\u00f3lico y apost\u00f3lico como en los tiempos de Franco.<br \/>\nSi con esto ya podr\u00edamos decir que el gobierno de Aznar tiene una inclinaci\u00f3n falangista, una prueba adicional es este documento hist\u00f3rico. Es una carta remitida por el joven Aznar cuando ten\u00eda 16 a\u00f1os al director de la revista falangista SP, Rodrigo Royo.<\/p>\n<blockquote><p>1 de julio de 1969<br \/>\nMuy se\u00f1or m\u00edo:<br \/>\nEl motivo que me ha obligado a escribirle esta carta es el de hacer una serie de puntualizaciones sobre la carta de don Ildefonso Mart\u00ednez, titulada \u00abFalangistas independientes\u00bb, aparecida en su diario el pasado d\u00eda 21.<br \/>\nCuando a las manos de un joven como yo -16 a\u00f1os- llega un ejemplar de las \u00abObras Completas\u00bb de Jos\u00e9 Antonio y, como tal, siente la \u00abimperiosa necesidad de hacer r\u00e1pidamente algo \u00fatil, a este joven se le presentan dos posibles caminos. El primero consiste en llevar una vida c\u00f3moda, f\u00e1cil y sin complicaciones, alistado o \u00abapuntado\u00bb en una organizaci\u00f3n del Movimiento. En el segundo, se trata de tomar una decisi\u00f3n tan compleja como costosa. Es la de militar al lado de los \u00abfalangistas independientes\u00bb, como el se\u00f1or Mart\u00ednez los llama.<br \/>\nEl estar a su lado no es, de ning\u00fan modo, vivir como convidados, sino todo lo contrario. Es el vivir muchas veces en contra de la \u00abesencia de la propia ordenaci\u00f3n familiar\u00bb; es vivir en sacrificio, austeridad y peligro constante; es ser una barca, una tabla de salvaci\u00f3n, en medio de un mar tempestuoso y hostil que te ataca por todos los lados y que trata de hundirte a cualquier precio; es, en una palabra, el vivir la vida de \u00abmonje y soldado\u00bb, que dec\u00eda Jos\u00e9 Antonio. El vivir en contra de la ordenaci\u00f3n familiar no es tan sencillo como el se\u00f1or Mart\u00ednez cree, ni mucho menos. Si mi caso fuese \u00fanico, pecar\u00eda de inmodesto, pero como da la casualidad que dentro de los \u00abindependientes\u00bb hay casos como el m\u00edo y bastante peores, todo queda aclarado. Al decir el Sr. Mart\u00ednez que los \u00abfalangistas independientes\u00bb viven como convidados no le tuvo Dios de su mano.<br \/>\nPerm\u00edtame Sr. Director realizar una pregunta: \u00bfNo cree, usted, que teniendo un apellido de gran fuerza pol\u00edtica como el que tengo; teniendo familiares como tengo en los mas altos cargos pol\u00edticos de la Naci\u00f3n, pr\u00e1cticamente; teniendo un historial falangista en mi familia como el que poseo: no cree, usted, repito, que para m\u00ed hubiese sido m\u00e1s f\u00e1cil el irme al Movimiento y estar de convidado, que el estar listo para militar al lado de los \u00abfalangistas independientes\u00bb?. Repito que hay casos peores que el m\u00edo y lo repito porque hay se\u00f1ores como el Sr. Mart\u00ednez que lo olvidan y encima tachan a los falangistas \u00abindependientes\u00bb de convidados.<br \/>\nSi el Sr. Mart\u00ednez se hubiera tomado el trabajo de conocer a alg\u00fan \u00abfalangista independiente\u00bb, se habr\u00eda dado cuenta de que no forman especie alguna. Ellos son, por m\u00e1s que le pese a muchos, la aut\u00e9ntica encarnaci\u00f3n del pensamiento joseantoniano, que no es precisamente el del Movimiento.<br \/>\nLo m\u00e1s curioso es que el Sr. Mart\u00ednez pone al mism\u00edsimo Jos\u00e9 Antonio! como fiscal de los \u00abindependientes\u00bb. No deja de ser realmente extra\u00f1o que se ponga al creador de la doctrina falangista como fiscal de los que precisamente est\u00e1n salvando ese nombre; y de los que est\u00e1n luchando por levantar un edificio nuevo y distinto, en su exterior, no en su esencia como muchos pretenden, del que destruyeron en 1937.<br \/>\nLo que es todav\u00eda m\u00e1s INCRE\u00cdBLE es que el Sr. Mart\u00ednez diga que son un camelo y que carecen de gallard\u00eda. Los j\u00f3venes falangistas est\u00e1n cansados de dar y no recibir, est\u00e1n cansados de escuchar promesas y recibir fracasos; est\u00e1n cansados de escuchar \u00abbonitos discursos\u00bb que solo sirven para crear m\u00e1s confusionismo del que ya hay, para crear el verdadero rostro de quienes los pronuncian. Ellos cortaron por lo sano e hicieron bien. Ellos est\u00e1n empezando otra vez de cero la obra que Jos\u00e9 Antonio plane\u00f3 y Espa\u00f1a espera.<br \/>\nYo, como joven, y habi\u00e9ndome llegado un ejemplar de las Obras Completas, ya he tomado mi decisi\u00f3n, que usted ya habr\u00e1 adivinado.<br \/>\nNada m\u00e1s, Sr. Director, sino el rogarle la publicaci\u00f3n de esta carta. Reciba un afectuoso saludo. Muchas gracias.<br \/>\n1 de Julio 1969<br \/>\nJos\u00e9 Mar\u00eda Aznar<\/p><\/blockquote>\n<p>Hay que decir que se ve que ya iba para pol\u00edtico, porque en realidad no dice mucho, excepto que se considera falangista independiente y que admira la figura y la obra de Jose Antonio (bien pensado, esto ya es bastante). Posteriormente, ya pasada la adolescencia, el joven Aznar publica comentarios menos filos\u00f3ficos y m\u00e1s conservadores en la revista \u201cLa Nueva Rioja\u201d (ver Aznar.net).De todas maneras parece que el poso falangista sigue apareciendo recurrentemente en su pol\u00edtica.<br \/>\nEn fin, vamos de culo como no cambiemos a un gobierno de izquierdas.<br \/>\nFuentes:<br \/>\n<a href=\"http:\/\/www.la-falange.com\/\">La Falange<\/a><br \/>\n<a href=\"http:\/\/www.falanges.com\/\">P\u00f3rtico falangista<\/a><br \/>\n<a href=\"http:\/\/www.aznar.net\/\">Aznar.net<\/a><\/p>\n<p><a href=\"http:\/\/junjan.org\/wordpress\/wp-content\/uploads\/2011\/06\/aznar_trio.png\"><img loading=\"lazy\" decoding=\"async\" class=\"alignnone size-full wp-image-1586\" title=\"Aznar y unos amigos\" src=\"http:\/\/junjan.org\/wordpress\/wp-content\/uploads\/2011\/06\/aznar_trio.png\" alt=\"Aznar y unos amigos\" width=\"150\" height=\"128\" \/><\/a><br \/>\n<small>Art\u00edfices de la paz<\/small><\/p>\n","protected":false},"excerpt":{"rendered":"<p>Teniendo en cuenta la pol\u00edtica de derecha nacional-hisp\u00e1nica del gobierno de Aznar, \u00bfpodr\u00edamos decir que tiene matices falangistas? Hay por lo menos dos puntos del ideario falangista que se siguen desde el gobierno a rajatabla: 1. Unidad irrevocable de Espa\u00f1a, cuya Misi\u00f3n hist\u00f3rica, la proclamaci\u00f3n por todo el mundo del \u00abMensaje Universal de Salvaci\u00f3n\u00bb, tiene&hellip;&nbsp;<a href=\"https:\/\/junjan.org\/wordpress\/2004\/01\/es_aznar_falangista\/\" rel=\"bookmark\">Leer m\u00e1s &raquo;<span class=\"screen-reader-text\">\u00bfEs Aznar falangista?<\/span><\/a><\/p>\n","protected":false},"author":1,"featured_media":0,"comment_status":"open","ping_status":"open","sticky":false,"template":"","format":"standard","meta":{"neve_meta_sidebar":"","neve_meta_container":"","neve_meta_enable_content_width":"","neve_meta_content_width":0,"neve_meta_title_alignment":"","neve_meta_author_avatar":"","neve_post_elements_order":"","neve_meta_disable_header":"","neve_meta_disable_footer":"","neve_meta_disable_title":"","footnotes":""},"categories":[5,8],"tags":[230,819,820,507],"class_list":["post-9","post","type-post","status-publish","format-standard","hentry","category-actualidad","category-historia","tag-aznar","tag-falange-espanola","tag-falangista","tag-pp"],"_links":{"self":[{"href":"https:\/\/junjan.org\/wordpress\/wp-json\/wp\/v2\/posts\/9","targetHints":{"allow":["GET"]}}],"collection":[{"href":"https:\/\/junjan.org\/wordpress\/wp-json\/wp\/v2\/posts"}],"about":[{"href":"https:\/\/junjan.org\/wordpress\/wp-json\/wp\/v2\/types\/post"}],"author":[{"embeddable":true,"href":"https:\/\/junjan.org\/wordpress\/wp-json\/wp\/v2\/users\/1"}],"replies":[{"embeddable":true,"href":"https:\/\/junjan.org\/wordpress\/wp-json\/wp\/v2\/comments?post=9"}],"version-history":[{"count":1,"href":"https:\/\/junjan.org\/wordpress\/wp-json\/wp\/v2\/posts\/9\/revisions"}],"predecessor-version":[{"id":1786,"href":"https:\/\/junjan.org\/wordpress\/wp-json\/wp\/v2\/posts\/9\/revisions\/1786"}],"wp:attachment":[{"href":"https:\/\/junjan.org\/wordpress\/wp-json\/wp\/v2\/media?parent=9"}],"wp:term":[{"taxonomy":"category","embeddable":true,"href":"https:\/\/junjan.org\/wordpress\/wp-json\/wp\/v2\/categories?post=9"},{"taxonomy":"post_tag","embeddable":true,"href":"https:\/\/junjan.org\/wordpress\/wp-json\/wp\/v2\/tags?post=9"}],"curies":[{"name":"wp","href":"https:\/\/api.w.org\/{rel}","templated":true}]}}